{"id":96080,"date":"2019-05-22T15:24:08","date_gmt":"2019-05-22T18:24:08","guid":{"rendered":"http:\/\/www.caririemacao.com\/1\/?p=96080"},"modified":"2019-05-22T15:24:08","modified_gmt":"2019-05-22T18:24:08","slug":"senado-aprova-projeto-que-criminaliza-homofobia-com-excecao-para-templos-religiosos","status":"publish","type":"post","link":"https:\/\/www.caririemacao.com\/1\/2019\/05\/22\/senado-aprova-projeto-que-criminaliza-homofobia-com-excecao-para-templos-religiosos\/","title":{"rendered":"Senado aprova projeto que criminaliza homofobia, com exce\u00e7\u00e3o para templos religiosos"},"content":{"rendered":"\n<p>Comiss\u00e3o de Constitui\u00e7\u00e3o e Justi\u00e7a (CCJ) do Senado aprovou nesta quarta-feira, por 20 votos a 1, um projeto que criminaliza a homofobia, mas que faz uma exce\u00e7\u00e3o para garantir a liberdade religiosa. O texto passar\u00e1 por uma nova vota\u00e7\u00e3o na pr\u00f3pria CCJ, chamada de turno suplementar, porque a vers\u00e3o aprovada foi apresentada, com altera\u00e7\u00f5es, pelo relator. Se a aprova\u00e7\u00e3o for mantida e n\u00e3o forem apresentados recursos, seguir\u00e1 depois para a C\u00e2mara, sem passar pelo plen\u00e1rio do Senado. A proposta altera a lei que define o crime de racismo para incluir a orienta\u00e7\u00e3o sexual e a identidade de g\u00eanero na lista de caracter\u00edsticas que n\u00e3o podem ser alvo de discrimina\u00e7\u00e3o.<\/p>\n\n\n\n<p>O projeto \u00e9 de autoria do senador Weverton (PDT-MA). O relator, Alessandro Vieira (PPS-SE), acrescentou um trecho que pro\u00edbe a restri\u00e7\u00e3o de &#8220;manifesta\u00e7\u00e3o razo\u00e1vel de afetividade de qualquer pessoa em local p\u00fablico ou privado aberto ao p\u00fablico&#8221;, mas determinou que a regra n\u00e3o vale para templos religiosos.<\/p>\n\n\n\n<p>\u2014 Foi concebido dentro de um equil\u00edbrio, respeitando a liberdade religiosa, respeitando o espa\u00e7o dos templos, mas modernizando nossa legisla\u00e7\u00e3o e evitando que outros Poderes, como \u00e9 o caso do Poder Judici\u00e1rio, sejam obrigados e legislar no nosso lugar. Supre uma omiss\u00e3o que j\u00e1 foi para duas d\u00e9cadas \u2014 destacou Alessandro Vieira.<\/p>\n\n\n\n<p>O texto foi aprovado na v\u00e9spera do Supremo Tribunal Federal (STF) retomar um julgamento sobre o mesmo tema. At\u00e9 agora, quatro ministros votaram para equiparar homofobia e transfobia ao crime de racismo. A presidente da CCJ, Simone Tebet (MDB-MS), disse que ir\u00e1 pedir para o presidente do Senado, Davi Alcolumbre (DEM-AP), solicitar ao STF que espere o Congresso decidir sobre o tema, para evitar o que chamou de &#8220;ativismo judicial&#8221;.<\/p>\n\n\n\n<p>\u2014 Esta Presid\u00eancia vai entrar em contato com o presidente Davi Alcolumbre para deixar claro muito para o presidente que foi terminativo e que, portanto, caberia um gesto do presidente junto ao STF para que pudesse aguardar o t\u00e9rmino desse projeto, seja na C\u00e2mara seja no Senado. At\u00e9 para evitar aquilo que constantemente estamos dizendo, do ativismo judicial, que, em uma democracia forte, n\u00e3o deve nunca se fazer presente \u2014 afirmou Simone Tebet ap\u00f3s a proposta ser aprovada.<\/p>\n","protected":false},"excerpt":{"rendered":"<p>Comiss\u00e3o de Constitui\u00e7\u00e3o e Justi\u00e7a (CCJ) do Senado aprovou nesta quarta-feira, por 20 votos a 1, um projeto que criminaliza a homofobia, mas que faz&hellip; <\/p>\n","protected":false},"author":1,"featured_media":96081,"comment_status":"closed","ping_status":"closed","sticky":false,"template":"","format":"standard","meta":{"sfsi_plus_gutenberg_text_before_share":"","sfsi_plus_gutenberg_show_text_before_share":"","sfsi_plus_gutenberg_icon_type":"","sfsi_plus_gutenberg_icon_alignemt":"","sfsi_plus_gutenburg_max_per_row":"","footnotes":""},"categories":[2],"tags":[],"class_list":["post-96080","post","type-post","status-publish","format-standard","has-post-thumbnail","hentry","category-geral"],"_links":{"self":[{"href":"https:\/\/www.caririemacao.com\/1\/wp-json\/wp\/v2\/posts\/96080","targetHints":{"allow":["GET"]}}],"collection":[{"href":"https:\/\/www.caririemacao.com\/1\/wp-json\/wp\/v2\/posts"}],"about":[{"href":"https:\/\/www.caririemacao.com\/1\/wp-json\/wp\/v2\/types\/post"}],"author":[{"embeddable":true,"href":"https:\/\/www.caririemacao.com\/1\/wp-json\/wp\/v2\/users\/1"}],"replies":[{"embeddable":true,"href":"https:\/\/www.caririemacao.com\/1\/wp-json\/wp\/v2\/comments?post=96080"}],"version-history":[{"count":1,"href":"https:\/\/www.caririemacao.com\/1\/wp-json\/wp\/v2\/posts\/96080\/revisions"}],"predecessor-version":[{"id":96082,"href":"https:\/\/www.caririemacao.com\/1\/wp-json\/wp\/v2\/posts\/96080\/revisions\/96082"}],"wp:featuredmedia":[{"embeddable":true,"href":"https:\/\/www.caririemacao.com\/1\/wp-json\/wp\/v2\/media\/96081"}],"wp:attachment":[{"href":"https:\/\/www.caririemacao.com\/1\/wp-json\/wp\/v2\/media?parent=96080"}],"wp:term":[{"taxonomy":"category","embeddable":true,"href":"https:\/\/www.caririemacao.com\/1\/wp-json\/wp\/v2\/categories?post=96080"},{"taxonomy":"post_tag","embeddable":true,"href":"https:\/\/www.caririemacao.com\/1\/wp-json\/wp\/v2\/tags?post=96080"}],"curies":[{"name":"wp","href":"https:\/\/api.w.org\/{rel}","templated":true}]}}