{"id":96083,"date":"2019-05-22T15:26:04","date_gmt":"2019-05-22T18:26:04","guid":{"rendered":"http:\/\/www.caririemacao.com\/1\/?p=96083"},"modified":"2019-05-22T15:26:04","modified_gmt":"2019-05-22T18:26:04","slug":"habilitacao-em-autoescolas-chega-a-r-2-20000-e-pesquisa-mostra-onde-o-consumidor-pode-economizar-ate-r-80000","status":"publish","type":"post","link":"https:\/\/www.caririemacao.com\/1\/2019\/05\/22\/habilitacao-em-autoescolas-chega-a-r-2-20000-e-pesquisa-mostra-onde-o-consumidor-pode-economizar-ate-r-80000\/","title":{"rendered":"Habilita\u00e7\u00e3o em autoescolas chega a R$ 2.200,00 e pesquisa mostra onde o consumidor pode economizar at\u00e9 R$ 800,00"},"content":{"rendered":"\n<p>diferen\u00e7a no pre\u00e7o das autoescolas na Capital chega a R$ 800,00, segundo pesquisa realizada no dia 22 de maio de 2019 pela Secretaria Municipal de Prote\u00e7\u00e3o e Defesa do Consumidor (Procon-JP). Os pre\u00e7os, \u00e0 vista, cobrados pela habilita\u00e7\u00e3o carro\/moto AB, varia entre R$ 1.400,00 (Rainha da Paz \u2013 Epit\u00e1cio Pessoa) e R$ 2.200 (Vit\u00f3ria \u2013 Cruz das Armas), varia\u00e7\u00e3o de 57,1%.<\/p>\n\n\n\n<p>Foram pesquisados oito estabelecimentos com pacotes nas seguintes categorias: habilita\u00e7\u00e3o para motos A e AB, carros B e AB, caminh\u00f5es\/\u00f4nibus D e para aulas pr\u00e1ticas para pessoas j\u00e1 habilitadas, para pagamentos \u00e0 vista.&nbsp;<\/p>\n\n\n\n<p>As mais altas diferen\u00e7as nos pre\u00e7os para um mesmo servi\u00e7o foram encontradas na habilita\u00e7\u00e3o carro B, R$ 650,00, com pre\u00e7os entre R$ 1.100,00 (Rainha da Paz &#8211; Epit\u00e1cio Pessoa) e R$ 1.750,00 (Vit\u00f3ria &#8211; Cruz das Armas); adi\u00e7\u00e3o de categoria \u2013 A acrescenta B, R$, 600,00, com pre\u00e7os entre 850,00 (Rainha da Paz &#8211; Epit\u00e1cio Pessoa) e R$ 1.450 (Vit\u00f3ria &#8211; Cruz das Armas); habilita\u00e7\u00e3o moto D, R$ 500,00, com pre\u00e7os entre R$ 700,00 (Junior &#8211; Mangabeira) e R$ 1.200,00 (Vit\u00f3ria &#8211; Cruz das Armas). Algumas escolas fazem parcelamento do pagamento e, em algumas, a taxa do Detran est\u00e1 inclusa no pacote.&nbsp;<\/p>\n\n\n\n<p>A pesquisa foi realizada nas autoescolas: Tallentus (Jaguaribe); Abrantes (Bairro dos Estados); Bela Vista (Centro); Santa Terezinha (Managabeira); Lideran\u00e7a (Centro); Rainha da Paz (Epit\u00e1cio Pessoa); Vit\u00f3ria (Cruz das Armas); Livramento (Banc\u00e1rios) e Junior (Mangabeira).<br><\/p>\n","protected":false},"excerpt":{"rendered":"<p>diferen\u00e7a no pre\u00e7o das autoescolas na Capital chega a R$ 800,00, segundo pesquisa realizada no dia 22 de maio de 2019 pela Secretaria Municipal de&hellip; <\/p>\n","protected":false},"author":1,"featured_media":96084,"comment_status":"closed","ping_status":"closed","sticky":false,"template":"","format":"standard","meta":{"sfsi_plus_gutenberg_text_before_share":"","sfsi_plus_gutenberg_show_text_before_share":"","sfsi_plus_gutenberg_icon_type":"","sfsi_plus_gutenberg_icon_alignemt":"","sfsi_plus_gutenburg_max_per_row":"","footnotes":""},"categories":[2],"tags":[],"class_list":["post-96083","post","type-post","status-publish","format-standard","has-post-thumbnail","hentry","category-geral"],"_links":{"self":[{"href":"https:\/\/www.caririemacao.com\/1\/wp-json\/wp\/v2\/posts\/96083","targetHints":{"allow":["GET"]}}],"collection":[{"href":"https:\/\/www.caririemacao.com\/1\/wp-json\/wp\/v2\/posts"}],"about":[{"href":"https:\/\/www.caririemacao.com\/1\/wp-json\/wp\/v2\/types\/post"}],"author":[{"embeddable":true,"href":"https:\/\/www.caririemacao.com\/1\/wp-json\/wp\/v2\/users\/1"}],"replies":[{"embeddable":true,"href":"https:\/\/www.caririemacao.com\/1\/wp-json\/wp\/v2\/comments?post=96083"}],"version-history":[{"count":1,"href":"https:\/\/www.caririemacao.com\/1\/wp-json\/wp\/v2\/posts\/96083\/revisions"}],"predecessor-version":[{"id":96085,"href":"https:\/\/www.caririemacao.com\/1\/wp-json\/wp\/v2\/posts\/96083\/revisions\/96085"}],"wp:featuredmedia":[{"embeddable":true,"href":"https:\/\/www.caririemacao.com\/1\/wp-json\/wp\/v2\/media\/96084"}],"wp:attachment":[{"href":"https:\/\/www.caririemacao.com\/1\/wp-json\/wp\/v2\/media?parent=96083"}],"wp:term":[{"taxonomy":"category","embeddable":true,"href":"https:\/\/www.caririemacao.com\/1\/wp-json\/wp\/v2\/categories?post=96083"},{"taxonomy":"post_tag","embeddable":true,"href":"https:\/\/www.caririemacao.com\/1\/wp-json\/wp\/v2\/tags?post=96083"}],"curies":[{"name":"wp","href":"https:\/\/api.w.org\/{rel}","templated":true}]}}