{"id":96086,"date":"2019-05-22T15:29:53","date_gmt":"2019-05-22T18:29:53","guid":{"rendered":"http:\/\/www.caririemacao.com\/1\/?p=96086"},"modified":"2019-05-22T15:29:53","modified_gmt":"2019-05-22T18:29:53","slug":"ministro-diz-ser-contra-cobrar-mensalidade-em-universidade-federal","status":"publish","type":"post","link":"https:\/\/www.caririemacao.com\/1\/2019\/05\/22\/ministro-diz-ser-contra-cobrar-mensalidade-em-universidade-federal\/","title":{"rendered":"Ministro diz ser contra cobrar mensalidade em universidade federal"},"content":{"rendered":"\n<p><\/p>\n\n\n\n<p>O ministro da Educa\u00e7\u00e3o, Abraham Weintraub, disse hoje (22) ser contra a cobran\u00e7a de mensalidade de estudantes de gradua\u00e7\u00e3o em universidades federais. Ele defende, no entanto, a cobran\u00e7a de mensalidade na p\u00f3s-gradua\u00e7\u00e3o. Weintraub participou de audi\u00eancia na Comiss\u00e3o de Educa\u00e7\u00e3o na C\u00e2mara dos Deputados.<\/p>\n\n\n\n<p>\u201cSou contra cobrar de alunos de gradua\u00e7\u00e3o. Em uma an\u00e1lise de custo e retorno, a gente vai gastar uma energia gigantesca para pouca receita que vai pegar de poucos alunos que s\u00e3o de fam\u00edlias ricas e v\u00e3o pagar\u201d, disse.<\/p>\n\n\n\n<figure class=\"wp-block-image\"><img decoding=\"async\" data-src=\"http:\/\/imagens.ebc.com.br\/GWnEZ2WsBIcSFwHKTH9MDN2eS2g=\/754x0\/smart\/http:\/\/agenciabrasil.ebc.com.br\/sites\/default\/files\/thumbnails\/image\/mcmgo_abr_220520194315.jpg?itok=5pAhnAUj\" alt=\"O ministro da Educa\u00e7\u00e3o, Abraham Weintraub, participa de audi\u00eancia p\u00fablica conjunta das comiss\u00f5es de Educa\u00e7\u00e3o, e de Trabalho, Administra\u00e7\u00e3o e Servi\u00e7o P\u00fablico da C\u00e2mara dos Deputados.\" src=\"data:image\/svg+xml;base64,PHN2ZyB3aWR0aD0iMSIgaGVpZ2h0PSIxIiB4bWxucz0iaHR0cDovL3d3dy53My5vcmcvMjAwMC9zdmciPjwvc3ZnPg==\" class=\"lazyload\" \/><\/figure>\n\n\n\n<p>Abraham Weintraub: \u201cSou contra cobrar de alunos de gradua\u00e7\u00e3o&#8221;&nbsp;&nbsp;&nbsp;&nbsp;<strong>(Marcelo Camargo\/Ag\u00eancia Brasil_<\/strong><\/p>\n\n\n\n<p>Na semana passada, uma pesquisa da&nbsp;<a href=\"http:\/\/agenciabrasil.ebc.com.br\/educacao\/noticia\/2019-05\/maior-parte-dos-estudantes-de-universidades-federais-e-de-baixa-renda\" target=\"_blank\" rel=\"noreferrer noopener\">Associa\u00e7\u00e3o Nacional dos Dirigentes das Institui\u00e7\u00f5es Federais de Ensino Superior<\/a>(Andifes) mostrou que 70,2% dos estudantes das federais s\u00e3o de baixa renda.<\/p>\n\n\n\n<p><a href=\"http:\/\/agenciabrasil.ebc.com.br\/geral\/noticia\/2017-04\/universidades-publicas-podem-cobrar-por-cursos-de-especializacao-decide-stf\" target=\"_blank\" rel=\"noreferrer noopener\">O ministro defendeu, no entanto, que sejam cobradas taxas de estudantes de p\u00f3s-gradua\u00e7\u00e3o<\/a>. \u201cN\u00e3o \u00e9 toda [p\u00f3s], \u00e9 aquela que tem vis\u00e3o de mercado. Dessa poderia cobrar e daria mais receita custo energia e retorno para universidades\u201d, afirmou. Atualmente, as universidades podem cobrar de estudantes de p\u00f3s-gradua\u00e7\u00e3o&nbsp;<em>lato sensu<\/em>, que s\u00e3o aquelas que t\u00eam car\u00e1ter de especializa\u00e7\u00e3o e, ao final, d\u00e3o direito a um certificado, e n\u00e3o a um diploma, como no caso de mestrados e doutorados.<\/p>\n\n\n\n<p>Segundo o ministro, as universidades precisam diversificar a fonte de receita. \u201cAs universidades poderiam utilizar o patrim\u00f4nio. Tem universidade rica em termos de im\u00f3veis. Elas podem criar fundos imobili\u00e1rios, com toda a governan\u00e7a poss\u00edvel, blindado, negociado na bolsa, CVM [Comiss\u00e3o de Valores Mobili\u00e1rios], para evitar qualquer desvio, e essa receita ir direto para universidade, para pesquisa, para o aluno. Esse tipo de solu\u00e7\u00e3o que a gente quer trazer\u201d, explicou.<\/p>\n\n\n\n<p>\u201cPrecisamos remodelar a estrutura das universidades e dar liberdade para elas crescerem, como \u00e9 l\u00e1 fora, a universidade \u00e9 centro de riqueza e conhecimento, gera riqueza. Aqui no Brasil, do jeito que est\u00e1, \u00e9 uma draga de recursos\u201d, apontou.<\/p>\n\n\n\n<p>Para equilibrar as contas p\u00fablicas, o governo federal contingenciou 3,4% do or\u00e7amento total das universidades federais. O bloqueio atinge, segundo a Andifes, em m\u00e9dia, 29,74% dos recursos discricion\u00e1rios, ou seja, recursos n\u00e3o obrigat\u00f3rios.<\/p>\n\n\n\n<p><a href=\"http:\/\/agenciabrasil.ebc.com.br\/educacao\/noticia\/2019-05\/andifes-bloqueio-universidades-e-de-54-de-verbas-discricionarias\" target=\"_blank\" rel=\"noreferrer noopener\">Esses recursos, segundo a associa\u00e7\u00e3o, s\u00e3o usados principalmente para o pagamento de energia el\u00e9trica e vigil\u00e2ncia, que comprometem a maior parte dessas despesas<\/a>. Al\u00e9m disso, s\u00e3o usados para pagar servi\u00e7os de limpeza, manuten\u00e7\u00e3o predial e de equipamentos, conta de luz e telefone.<\/p>\n\n\n\n<p>, disse hoje (22) ser contra a cobran\u00e7a de mensalidade de estudantes de gradua\u00e7\u00e3o em universidades federais. Ele defende, no entanto, a cobran\u00e7a de mensalidade na p\u00f3s-gradua\u00e7\u00e3o. Weintraub participou de audi\u00eancia na Comiss\u00e3o de Educa\u00e7\u00e3o na C\u00e2mara dos Deputados.<\/p>\n\n\n\n<p>\u201cSou contra cobrar de alunos de gradua\u00e7\u00e3o. Em uma an\u00e1lise de custo e retorno, a gente vai gastar uma energia gigantesca para pouca receita que vai pegar de poucos alunos que s\u00e3o de fam\u00edlias ricas e v\u00e3o pagar\u201d, disse.<\/p>\n\n\n\n<figure class=\"wp-block-image\"><img decoding=\"async\" data-src=\"http:\/\/imagens.ebc.com.br\/GWnEZ2WsBIcSFwHKTH9MDN2eS2g=\/754x0\/smart\/http:\/\/agenciabrasil.ebc.com.br\/sites\/default\/files\/thumbnails\/image\/mcmgo_abr_220520194315.jpg?itok=5pAhnAUj\" alt=\"O ministro da Educa\u00e7\u00e3o, Abraham Weintraub, participa de audi\u00eancia p\u00fablica conjunta das comiss\u00f5es de Educa\u00e7\u00e3o, e de Trabalho, Administra\u00e7\u00e3o e Servi\u00e7o P\u00fablico da C\u00e2mara dos Deputados.\" src=\"data:image\/svg+xml;base64,PHN2ZyB3aWR0aD0iMSIgaGVpZ2h0PSIxIiB4bWxucz0iaHR0cDovL3d3dy53My5vcmcvMjAwMC9zdmciPjwvc3ZnPg==\" class=\"lazyload\" \/><\/figure>\n\n\n\n<p>Abraham Weintraub: \u201cSou contra cobrar de alunos de gradua\u00e7\u00e3o&#8221;&nbsp;&nbsp;&nbsp;&nbsp;<strong>(Marcelo Camargo\/Ag\u00eancia Brasil_<\/strong><\/p>\n\n\n\n<p>Na semana passada, uma pesquisa da&nbsp;<a href=\"http:\/\/agenciabrasil.ebc.com.br\/educacao\/noticia\/2019-05\/maior-parte-dos-estudantes-de-universidades-federais-e-de-baixa-renda\" target=\"_blank\" rel=\"noreferrer noopener\">Associa\u00e7\u00e3o Nacional dos Dirigentes das Institui\u00e7\u00f5es Federais de Ensino Superior<\/a>(Andifes) mostrou que 70,2% dos estudantes das federais s\u00e3o de baixa renda.<\/p>\n\n\n\n<p><a href=\"http:\/\/agenciabrasil.ebc.com.br\/geral\/noticia\/2017-04\/universidades-publicas-podem-cobrar-por-cursos-de-especializacao-decide-stf\" target=\"_blank\" rel=\"noreferrer noopener\">O ministro defendeu, no entanto, que sejam cobradas taxas de estudantes de p\u00f3s-gradua\u00e7\u00e3o<\/a>. \u201cN\u00e3o \u00e9 toda [p\u00f3s], \u00e9 aquela que tem vis\u00e3o de mercado. Dessa poderia cobrar e daria mais receita custo energia e retorno para universidades\u201d, afirmou. Atualmente, as universidades podem cobrar de estudantes de p\u00f3s-gradua\u00e7\u00e3o&nbsp;<em>lato sensu<\/em>, que s\u00e3o aquelas que t\u00eam car\u00e1ter de especializa\u00e7\u00e3o e, ao final, d\u00e3o direito a um certificado, e n\u00e3o a um diploma, como no caso de mestrados e doutorados.<\/p>\n\n\n\n<p>Segundo o ministro, as universidades precisam diversificar a fonte de receita. \u201cAs universidades poderiam utilizar o patrim\u00f4nio. Tem universidade rica em termos de im\u00f3veis. Elas podem criar fundos imobili\u00e1rios, com toda a governan\u00e7a poss\u00edvel, blindado, negociado na bolsa, CVM [Comiss\u00e3o de Valores Mobili\u00e1rios], para evitar qualquer desvio, e essa receita ir direto para universidade, para pesquisa, para o aluno. Esse tipo de solu\u00e7\u00e3o que a gente quer trazer\u201d, explicou.<\/p>\n\n\n\n<p>\u201cPrecisamos remodelar a estrutura das universidades e dar liberdade para elas crescerem, como \u00e9 l\u00e1 fora, a universidade \u00e9 centro de riqueza e conhecimento, gera riqueza. Aqui no Brasil, do jeito que est\u00e1, \u00e9 uma draga de recursos\u201d, apontou.<\/p>\n\n\n\n<p>Para equilibrar as contas p\u00fablicas, o governo federal contingenciou 3,4% do or\u00e7amento total das universidades federais. O bloqueio atinge, segundo a Andifes, em m\u00e9dia, 29,74% dos recursos discricion\u00e1rios, ou seja, recursos n\u00e3o obrigat\u00f3rios.<\/p>\n\n\n\n<p><a href=\"http:\/\/agenciabrasil.ebc.com.br\/educacao\/noticia\/2019-05\/andifes-bloqueio-universidades-e-de-54-de-verbas-discricionarias\" target=\"_blank\" rel=\"noreferrer noopener\">Esses recursos, segundo a associa\u00e7\u00e3o, s\u00e3o usados principalmente para o pagamento de energia el\u00e9trica e vigil\u00e2ncia, que comprometem a maior parte dessas despesas<\/a>. Al\u00e9m disso, s\u00e3o usados para pagar servi\u00e7os de limpeza, manuten\u00e7\u00e3o predial e de equipamentos, conta de luz e telefone.<\/p>\n","protected":false},"excerpt":{"rendered":"<p>O ministro da Educa\u00e7\u00e3o, Abraham Weintraub, disse hoje (22) ser contra a cobran\u00e7a de mensalidade de estudantes de gradua\u00e7\u00e3o em universidades federais. Ele defende, no&hellip; <\/p>\n","protected":false},"author":1,"featured_media":93608,"comment_status":"closed","ping_status":"closed","sticky":false,"template":"","format":"standard","meta":{"sfsi_plus_gutenberg_text_before_share":"","sfsi_plus_gutenberg_show_text_before_share":"","sfsi_plus_gutenberg_icon_type":"","sfsi_plus_gutenberg_icon_alignemt":"","sfsi_plus_gutenburg_max_per_row":"","footnotes":""},"categories":[2],"tags":[],"class_list":["post-96086","post","type-post","status-publish","format-standard","has-post-thumbnail","hentry","category-geral"],"_links":{"self":[{"href":"https:\/\/www.caririemacao.com\/1\/wp-json\/wp\/v2\/posts\/96086","targetHints":{"allow":["GET"]}}],"collection":[{"href":"https:\/\/www.caririemacao.com\/1\/wp-json\/wp\/v2\/posts"}],"about":[{"href":"https:\/\/www.caririemacao.com\/1\/wp-json\/wp\/v2\/types\/post"}],"author":[{"embeddable":true,"href":"https:\/\/www.caririemacao.com\/1\/wp-json\/wp\/v2\/users\/1"}],"replies":[{"embeddable":true,"href":"https:\/\/www.caririemacao.com\/1\/wp-json\/wp\/v2\/comments?post=96086"}],"version-history":[{"count":1,"href":"https:\/\/www.caririemacao.com\/1\/wp-json\/wp\/v2\/posts\/96086\/revisions"}],"predecessor-version":[{"id":96087,"href":"https:\/\/www.caririemacao.com\/1\/wp-json\/wp\/v2\/posts\/96086\/revisions\/96087"}],"wp:featuredmedia":[{"embeddable":true,"href":"https:\/\/www.caririemacao.com\/1\/wp-json\/wp\/v2\/media\/93608"}],"wp:attachment":[{"href":"https:\/\/www.caririemacao.com\/1\/wp-json\/wp\/v2\/media?parent=96086"}],"wp:term":[{"taxonomy":"category","embeddable":true,"href":"https:\/\/www.caririemacao.com\/1\/wp-json\/wp\/v2\/categories?post=96086"},{"taxonomy":"post_tag","embeddable":true,"href":"https:\/\/www.caririemacao.com\/1\/wp-json\/wp\/v2\/tags?post=96086"}],"curies":[{"name":"wp","href":"https:\/\/api.w.org\/{rel}","templated":true}]}}