{"id":96088,"date":"2019-05-22T15:32:03","date_gmt":"2019-05-22T18:32:03","guid":{"rendered":"http:\/\/www.caririemacao.com\/1\/?p=96088"},"modified":"2019-05-22T15:32:03","modified_gmt":"2019-05-22T18:32:03","slug":"enem-ja-tem-confirmado-pagamento-de-um-terco-dos-estudantes","status":"publish","type":"post","link":"https:\/\/www.caririemacao.com\/1\/2019\/05\/22\/enem-ja-tem-confirmado-pagamento-de-um-terco-dos-estudantes\/","title":{"rendered":"Enem j\u00e1 tem confirmado pagamento de um ter\u00e7o dos estudantes"},"content":{"rendered":"\n<p>At\u00e9 o final da manh\u00e3 de hoje (22), pouco mais de um ter\u00e7o (35,94%) dos participantes pagantes do Exame Nacional do Ensino M\u00e9dio (Enem) 2019, teve o pagamento confirmado pelo banco, segundo o Minist\u00e9rio da Educa\u00e7\u00e3o (MEC).&nbsp;<a href=\"http:\/\/agenciabrasil.ebc.com.br\/educacao\/noticia\/2019-05\/enem-candidatos-sem-isencao-tem-ate-quinta-feira-para-pagar-inscricao\" target=\"_blank\" rel=\"noreferrer noopener\">O prazo para pagar a taxa de R$ 85 termina amanh\u00e3 (23)<\/a>&nbsp;e o pagamento pode ser feito em ag\u00eancias banc\u00e1rias, casas lot\u00e9ricas e ag\u00eancias dos Correios.<\/p>\n\n\n\n<p>De acordo com o Instituto Nacional de Estudos e Pesquisas Educacionais An\u00edsio Teixeira (Inep), o processo &#8220;est\u00e1 dentro do previsto, como nos outros anos&#8221;.<\/p>\n\n\n\n<p>O exame registrou um total de 6.384.957 inscritos para a edi\u00e7\u00e3o de 2019. O n\u00famero final de participantes confirmados ser\u00e1 divulgado no pr\u00f3ximo dia 28. A inscri\u00e7\u00e3o dos pagantes \u00e9 confirmada apenas ap\u00f3s o pagamento.<\/p>\n\n\n\n<p>Quem teve direito \u00e0 isen\u00e7\u00e3o do pagamento da taxa e concluiu a inscri\u00e7\u00e3o no prazo j\u00e1 tem sua participa\u00e7\u00e3o garantida no exame.<\/p>\n\n\n\n<h2 class=\"wp-block-heading\">Orienta\u00e7\u00f5es<\/h2>\n\n\n\n<p>Segundo o Inep, os participantes devem ficar atentos \u00e0s regras de pagamento do seu banco, para n\u00e3o perder o prazo de quita\u00e7\u00e3o da Guia de Recolhimento da Uni\u00e3o (GRU Cobran\u00e7a). Os bancos levam at\u00e9 tr\u00eas dias \u00fateis para oficializar o pagamento ao Inep, portanto s\u00f3 depois desse prazo \u00e9 feita a atualiza\u00e7\u00e3o da situa\u00e7\u00e3o da inscri\u00e7\u00e3o na&nbsp;<a href=\"https:\/\/enem.inep.gov.br\/participante\/#!\/\" target=\"_blank\" rel=\"noreferrer noopener\">P\u00e1gina do Participante<\/a>.<\/p>\n\n\n\n<p>No caso de pagamentos agendados, a confirma\u00e7\u00e3o da inscri\u00e7\u00e3o n\u00e3o ser\u00e1 imediata. Al\u00e9m de aguardar a data programada, tamb\u00e9m \u00e9 preciso considerar o prazo de compensa\u00e7\u00e3o. O Inep alerta sobre a import\u00e2ncia de os participantes conferirem e garantirem que a conta banc\u00e1ria tenha saldo para quita\u00e7\u00e3o do pagamento na data do agendamento.<\/p>\n\n\n\n<h2 class=\"wp-block-heading\">Enem 2019<\/h2>\n\n\n\n<p>As provas do Enem 2019 ser\u00e3o aplicadas em dois domingos, 3 e 10 de novembro.<\/p>\n\n\n\n<p>Quem j\u00e1 concluiu o ensino m\u00e9dio ou vai concluir este ano pode usar as notas do Enem, por exemplo, para se inscrever em programas de acesso \u00e0 educa\u00e7\u00e3o superior como o Sistema de Sele\u00e7\u00e3o Unificada (Sisu) e o Programa Universidade para Todos (ProUni) ou de financiamento estudantil.<\/p>\n\n\n\n<h2 class=\"wp-block-heading\">Estudos<\/h2>\n\n\n\n<p>Para refor\u00e7ar o conhecimento dos candidatos, a&nbsp;<strong>Empresa Brasil de Comunica\u00e7\u00e3o (EBC)&nbsp;<\/strong>oferece v\u00e1rias estrat\u00e9gias gratuitas, como o Quest\u00f5es do Enem, no qual os estudantes t\u00eam acesso a um atualizado banco de dados que re\u00fane provas de 2009 at\u00e9 2018. O site permite a resolu\u00e7\u00e3o das quest\u00f5es online, com o&nbsp;<a href=\"http:\/\/http\/\/questoesenem.ebc.com.br\/\" target=\"_blank\" rel=\"noreferrer noopener\">recebimento do gabarito<\/a>.&nbsp;<\/p>\n\n\n\n<p>Pelo perfil&nbsp;<a href=\"https:\/\/twitter.com\/ebcnarede\" target=\"_blank\" rel=\"noreferrer noopener\">EBC na Rede<\/a>, \u00e9 poss\u00edvel acompanhar a s\u00e9rie Caiu no Enem. O desafio \u00e9 responder no fim de semana a quest\u00e3o publicada na sexta-feira. Na segunda-feira, um professor responde ao questionamento. A s\u00e9rie fica at\u00e9 a semana que antecede ao exame. Para ter acesso aos v\u00eddeos com as respostas, basta se inscrever no&nbsp;<a href=\"https:\/\/www.youtube.com\/channel\/UCdl9h618rks5vUDFSzTxgew\" target=\"_blank\" rel=\"noreferrer noopener\">canal youtube.com\/ebcnarede<\/a>.<\/p>\n","protected":false},"excerpt":{"rendered":"<p>At\u00e9 o final da manh\u00e3 de hoje (22), pouco mais de um ter\u00e7o (35,94%) dos participantes pagantes do Exame Nacional do Ensino M\u00e9dio (Enem) 2019,&hellip; <\/p>\n","protected":false},"author":1,"featured_media":93285,"comment_status":"closed","ping_status":"closed","sticky":false,"template":"","format":"standard","meta":{"sfsi_plus_gutenberg_text_before_share":"","sfsi_plus_gutenberg_show_text_before_share":"","sfsi_plus_gutenberg_icon_type":"","sfsi_plus_gutenberg_icon_alignemt":"","sfsi_plus_gutenburg_max_per_row":"","footnotes":""},"categories":[2],"tags":[],"class_list":["post-96088","post","type-post","status-publish","format-standard","has-post-thumbnail","hentry","category-geral"],"_links":{"self":[{"href":"https:\/\/www.caririemacao.com\/1\/wp-json\/wp\/v2\/posts\/96088","targetHints":{"allow":["GET"]}}],"collection":[{"href":"https:\/\/www.caririemacao.com\/1\/wp-json\/wp\/v2\/posts"}],"about":[{"href":"https:\/\/www.caririemacao.com\/1\/wp-json\/wp\/v2\/types\/post"}],"author":[{"embeddable":true,"href":"https:\/\/www.caririemacao.com\/1\/wp-json\/wp\/v2\/users\/1"}],"replies":[{"embeddable":true,"href":"https:\/\/www.caririemacao.com\/1\/wp-json\/wp\/v2\/comments?post=96088"}],"version-history":[{"count":1,"href":"https:\/\/www.caririemacao.com\/1\/wp-json\/wp\/v2\/posts\/96088\/revisions"}],"predecessor-version":[{"id":96089,"href":"https:\/\/www.caririemacao.com\/1\/wp-json\/wp\/v2\/posts\/96088\/revisions\/96089"}],"wp:featuredmedia":[{"embeddable":true,"href":"https:\/\/www.caririemacao.com\/1\/wp-json\/wp\/v2\/media\/93285"}],"wp:attachment":[{"href":"https:\/\/www.caririemacao.com\/1\/wp-json\/wp\/v2\/media?parent=96088"}],"wp:term":[{"taxonomy":"category","embeddable":true,"href":"https:\/\/www.caririemacao.com\/1\/wp-json\/wp\/v2\/categories?post=96088"},{"taxonomy":"post_tag","embeddable":true,"href":"https:\/\/www.caririemacao.com\/1\/wp-json\/wp\/v2\/tags?post=96088"}],"curies":[{"name":"wp","href":"https:\/\/api.w.org\/{rel}","templated":true}]}}