{"id":96091,"date":"2019-05-22T16:33:38","date_gmt":"2019-05-22T19:33:38","guid":{"rendered":"http:\/\/www.caririemacao.com\/1\/?p=96091"},"modified":"2019-05-22T16:33:38","modified_gmt":"2019-05-22T19:33:38","slug":"capacitacao-sobre-manejo-das-arboviroses-reune-profissionais-da-vigilancia-em-saude-de-monteiro","status":"publish","type":"post","link":"https:\/\/www.caririemacao.com\/1\/2019\/05\/22\/capacitacao-sobre-manejo-das-arboviroses-reune-profissionais-da-vigilancia-em-saude-de-monteiro\/","title":{"rendered":"Capacita\u00e7\u00e3o sobre manejo das arboviroses re\u00fane profissionais da Vigil\u00e2ncia em Sa\u00fade de Monteiro"},"content":{"rendered":"\n<p>Os trabalhadores da Vigil\u00e2ncia em S\u00e1ude do munic\u00edpio de Monteiro tiveram a oportunidade de participar de uma capacita\u00e7\u00e3o sobre temas espec\u00edficos da vigil\u00e2ncia sanit\u00e1ria, epidemiol\u00f3gica e de endemias neste m\u00eas de maio.<\/p>\n\n\n\n<p>Ministrada pela Consultec, o curso teve dura\u00e7\u00e3o de dois dias visando o aperfei\u00e7oamento com base em mais conhecimento para que os profissionais possam prestar um servi\u00e7o com ainda mais qualidade \u00e0 popula\u00e7\u00e3o monteirense.<\/p>\n\n\n\n<p>Dentre os assuntos abordados est\u00e3o o manejo cl\u00ednico das arboviroses: Dengue, Chikungunya e Zika V\u00edrus. Diagn\u00f3stico, tratamento, condu\u00e7\u00e3o, investiga\u00e7\u00e3o foram alguns dos conte\u00fados que beneficiar\u00e3o diretamente a popula\u00e7\u00e3o, pois, para a diretora da Vigil\u00e2ncia em Sa\u00fade, Silvana Silva, a import\u00e2ncia da qualifica\u00e7\u00e3o que vem ocorrendo no munic\u00edpio reverte em melhor conhecimento a ser repassado para a popula\u00e7\u00e3o, que munida de informa\u00e7\u00e3o pode alterar o cen\u00e1rio diminuindo o risco de infesta\u00e7\u00e3o do Aedes.<\/p>\n\n\n\n<p>\u201cPara o combate do vetor das arboviroses \u00e9 necess\u00e1rio o trabalho conjunto entre a gest\u00e3o com o envolvimento da popula\u00e7\u00e3o. Sabemos que a maioria dos focos do mosquito est\u00e3o dentro das resid\u00eancias, ent\u00e3o \u00e9 preciso que as pessoas vigiem, fa\u00e7am o monitoramento, para que n\u00e3o haja a prolifera\u00e7\u00e3o do mosquito\u201d, indica Silvana Silva, que ainda acrescenta ainda que o lixo jogado em terrenos baldios propicia a reprodu\u00e7\u00e3o do Aedes.<\/p>\n\n\n\n<p>Todas as qualifica\u00e7\u00f5es para o funcionalismo municipal est\u00e3o dentro da pol\u00edtica de aperfei\u00e7oamento do trabalho e valoriza\u00e7\u00e3o do funcion\u00e1rio, posto em pr\u00e1tica pela gest\u00e3o da prefeita Anna Lorena desde 2017.<\/p>\n","protected":false},"excerpt":{"rendered":"<p>Os trabalhadores da Vigil\u00e2ncia em S\u00e1ude do munic\u00edpio de Monteiro tiveram a oportunidade de participar de uma capacita\u00e7\u00e3o sobre temas espec\u00edficos da vigil\u00e2ncia sanit\u00e1ria, epidemiol\u00f3gica&hellip; <\/p>\n","protected":false},"author":1,"featured_media":96092,"comment_status":"closed","ping_status":"closed","sticky":false,"template":"","format":"standard","meta":{"sfsi_plus_gutenberg_text_before_share":"","sfsi_plus_gutenberg_show_text_before_share":"","sfsi_plus_gutenberg_icon_type":"","sfsi_plus_gutenberg_icon_alignemt":"","sfsi_plus_gutenburg_max_per_row":"","footnotes":""},"categories":[6,50],"tags":[],"class_list":["post-96091","post","type-post","status-publish","format-standard","has-post-thumbnail","hentry","category-cidades","category-destaque"],"_links":{"self":[{"href":"https:\/\/www.caririemacao.com\/1\/wp-json\/wp\/v2\/posts\/96091","targetHints":{"allow":["GET"]}}],"collection":[{"href":"https:\/\/www.caririemacao.com\/1\/wp-json\/wp\/v2\/posts"}],"about":[{"href":"https:\/\/www.caririemacao.com\/1\/wp-json\/wp\/v2\/types\/post"}],"author":[{"embeddable":true,"href":"https:\/\/www.caririemacao.com\/1\/wp-json\/wp\/v2\/users\/1"}],"replies":[{"embeddable":true,"href":"https:\/\/www.caririemacao.com\/1\/wp-json\/wp\/v2\/comments?post=96091"}],"version-history":[{"count":1,"href":"https:\/\/www.caririemacao.com\/1\/wp-json\/wp\/v2\/posts\/96091\/revisions"}],"predecessor-version":[{"id":96093,"href":"https:\/\/www.caririemacao.com\/1\/wp-json\/wp\/v2\/posts\/96091\/revisions\/96093"}],"wp:featuredmedia":[{"embeddable":true,"href":"https:\/\/www.caririemacao.com\/1\/wp-json\/wp\/v2\/media\/96092"}],"wp:attachment":[{"href":"https:\/\/www.caririemacao.com\/1\/wp-json\/wp\/v2\/media?parent=96091"}],"wp:term":[{"taxonomy":"category","embeddable":true,"href":"https:\/\/www.caririemacao.com\/1\/wp-json\/wp\/v2\/categories?post=96091"},{"taxonomy":"post_tag","embeddable":true,"href":"https:\/\/www.caririemacao.com\/1\/wp-json\/wp\/v2\/tags?post=96091"}],"curies":[{"name":"wp","href":"https:\/\/api.w.org\/{rel}","templated":true}]}}