{"id":96098,"date":"2019-05-22T16:36:17","date_gmt":"2019-05-22T19:36:17","guid":{"rendered":"http:\/\/www.caririemacao.com\/1\/?p=96098"},"modified":"2019-05-22T16:36:17","modified_gmt":"2019-05-22T19:36:17","slug":"sinal-verde-para-um-transito-seguro-conheca-as-acoes-do-maio-amarelo-em-monteiro","status":"publish","type":"post","link":"https:\/\/www.caririemacao.com\/1\/2019\/05\/22\/sinal-verde-para-um-transito-seguro-conheca-as-acoes-do-maio-amarelo-em-monteiro\/","title":{"rendered":"Sinal verde para um tr\u00e2nsito seguro. Conhe\u00e7a as a\u00e7\u00f5es do Maio Amarelo em Monteiro"},"content":{"rendered":"\n<p>Por meio da educa\u00e7\u00e3o, a estat\u00edstica que envolve acidentes de tr\u00e2nsito no munic\u00edpio de Monteiro t\u00eam diminu\u00eddo. Tais a\u00e7\u00f5es de conscientiza\u00e7\u00e3o s\u00e3o desenvolvidas atrav\u00e9s da Autarquia Municipal de Tr\u00e2nsito \u2013 Montran.<\/p>\n\n\n\n<p>As a\u00e7\u00f5es t\u00eam sido intensificadas durante este m\u00eas, que leva a denomina\u00e7\u00e3o de Maio Amarelo, buscando educar mais ainda os motoristas e a popula\u00e7\u00e3o em geral sobre os riscos inerentes ao tr\u00e2nsito, tentando amenizar o sofrimento de fam\u00edlias com a redu\u00e7\u00e3o de casos de acidentes.<\/p>\n\n\n\n<p>Educadores, estudantes e a sociedade em geral est\u00e3o sendo assistidos com as a\u00e7\u00f5es da Montran com palestra nas escolas das Redes de Ensino Municipal e Estadual, al\u00e9m de panfletagem nas avenidas principais da cidade.<\/p>\n\n\n\n<p>O encerramento do movimento Maio Amarelo acontece na Pra\u00e7a Jo\u00e3o Pessoa no dia 31 com autoridades respons\u00e1veis pelo tr\u00e2nsito da nossa cidade em um grande ato em prol da seguran\u00e7a nas ruas e estradas.<\/p>\n\n\n\n<p>\u201cPrecisamos de um esfor\u00e7o coletivo para educar, desde a crian\u00e7a at\u00e9 a idade adulta, sobre a import\u00e2ncia de um tr\u00e2nsito mais seguro. Prestar mais aten\u00e7\u00e3o \u00e0s escolhas atrav\u00e9s da conscientiza\u00e7\u00e3o \u00e9 investir no futuro. Crian\u00e7as que s\u00e3o educadas a respeitar os c\u00f3digos e leis, com certeza ser\u00e3o adultos mais prudentes e respons\u00e1veis. Buscamos este trabalho em Monteiro n\u00e3o s\u00f3 neste m\u00eas, mas durante todo o ano, pois nossa cidade participa do FETRAN em conjunto com a Pol\u00edcia Rodovi\u00e1ria Federal \u2013 PRF e isso tem se mostrado de muita valia para todos os monteirenses\u201d, afirma Jos\u00e9 Valdecy, superintendente da Montran.<\/p>\n","protected":false},"excerpt":{"rendered":"<p>Por meio da educa\u00e7\u00e3o, a estat\u00edstica que envolve acidentes de tr\u00e2nsito no munic\u00edpio de Monteiro t\u00eam diminu\u00eddo. Tais a\u00e7\u00f5es de conscientiza\u00e7\u00e3o s\u00e3o desenvolvidas atrav\u00e9s da&hellip; <\/p>\n","protected":false},"author":1,"featured_media":96099,"comment_status":"closed","ping_status":"closed","sticky":false,"template":"","format":"standard","meta":{"sfsi_plus_gutenberg_text_before_share":"","sfsi_plus_gutenberg_show_text_before_share":"","sfsi_plus_gutenberg_icon_type":"","sfsi_plus_gutenberg_icon_alignemt":"","sfsi_plus_gutenburg_max_per_row":"","footnotes":""},"categories":[6],"tags":[],"class_list":["post-96098","post","type-post","status-publish","format-standard","has-post-thumbnail","hentry","category-cidades"],"_links":{"self":[{"href":"https:\/\/www.caririemacao.com\/1\/wp-json\/wp\/v2\/posts\/96098","targetHints":{"allow":["GET"]}}],"collection":[{"href":"https:\/\/www.caririemacao.com\/1\/wp-json\/wp\/v2\/posts"}],"about":[{"href":"https:\/\/www.caririemacao.com\/1\/wp-json\/wp\/v2\/types\/post"}],"author":[{"embeddable":true,"href":"https:\/\/www.caririemacao.com\/1\/wp-json\/wp\/v2\/users\/1"}],"replies":[{"embeddable":true,"href":"https:\/\/www.caririemacao.com\/1\/wp-json\/wp\/v2\/comments?post=96098"}],"version-history":[{"count":1,"href":"https:\/\/www.caririemacao.com\/1\/wp-json\/wp\/v2\/posts\/96098\/revisions"}],"predecessor-version":[{"id":96100,"href":"https:\/\/www.caririemacao.com\/1\/wp-json\/wp\/v2\/posts\/96098\/revisions\/96100"}],"wp:featuredmedia":[{"embeddable":true,"href":"https:\/\/www.caririemacao.com\/1\/wp-json\/wp\/v2\/media\/96099"}],"wp:attachment":[{"href":"https:\/\/www.caririemacao.com\/1\/wp-json\/wp\/v2\/media?parent=96098"}],"wp:term":[{"taxonomy":"category","embeddable":true,"href":"https:\/\/www.caririemacao.com\/1\/wp-json\/wp\/v2\/categories?post=96098"},{"taxonomy":"post_tag","embeddable":true,"href":"https:\/\/www.caririemacao.com\/1\/wp-json\/wp\/v2\/tags?post=96098"}],"curies":[{"name":"wp","href":"https:\/\/api.w.org\/{rel}","templated":true}]}}