{"id":96102,"date":"2019-05-22T16:37:59","date_gmt":"2019-05-22T19:37:59","guid":{"rendered":"http:\/\/www.caririemacao.com\/1\/?p=96102"},"modified":"2019-05-22T16:37:59","modified_gmt":"2019-05-22T19:37:59","slug":"partido-de-bolsonaro-realiza-encontro-regional-em-serra-branca-no-proximo-sabado","status":"publish","type":"post","link":"https:\/\/www.caririemacao.com\/1\/2019\/05\/22\/partido-de-bolsonaro-realiza-encontro-regional-em-serra-branca-no-proximo-sabado\/","title":{"rendered":"Partido de Bolsonaro realiza encontro regional em Serra Branca no pr\u00f3ximo s\u00e1bado"},"content":{"rendered":"\n<p>O munic\u00edpio de Serra Branca ser\u00e1 a cidade sede do primeiro encontro regional do Cariri do PSL (Partido Social Liberal) que acontecer\u00e1 no pr\u00f3ximo s\u00e1bado, dia 25 de maio.<\/p>\n\n\n\n<p>J\u00e1 visando as elei\u00e7\u00f5es municipais de 2020 caso seja ent\u00e3o definido, o partido do presidenci\u00e1vel Bolsonaro pretende realizar uma s\u00e9rie de encontros por todas as regi\u00f5es do estado da Para\u00edba, com a inten\u00e7\u00e3o de expandir e criar novas bases partid\u00e1rias e implantar o partido do PSL no maior n\u00famero de munic\u00edpios poss\u00edvel.<\/p>\n\n\n\n<p>Na regi\u00e3o do Cariri, as conversa\u00e7\u00f5es j\u00e1 est\u00e3o adiantas com v\u00e1rios lideres pol\u00edticos e o grande encontro do pr\u00f3ximo s\u00e1bado vem com grande objetivo fortalecer a legenda para os pr\u00f3ximos pleitos nas diversas cidades do Cariri da Para\u00edba.<\/p>\n\n\n\n<p>Para o encontro, j\u00e1 est\u00e3o confirmadas as presen\u00e7as de l\u00edderes pol\u00edticos de v\u00e1rias cidades da regi\u00e3o do Cariri, al\u00e9m da presen\u00e7a do l\u00edder do partido no estado da Para\u00edba, o Deputado Federal Julian Lemos.<\/p>\n\n\n\n<p>O Encontro ter\u00e1 in\u00edcio \u00e1s 9h da manh\u00e3 deste s\u00e1bado e ser\u00e1 realizado no audit\u00f3rio da C\u00e2mara Municipal de Serra Branca.<\/p>\n\n\n\n<p><strong>De Olho no Cariri<\/strong><\/p>\n","protected":false},"excerpt":{"rendered":"<p>O munic\u00edpio de Serra Branca ser\u00e1 a cidade sede do primeiro encontro regional do Cariri do PSL (Partido Social Liberal) que acontecer\u00e1 no pr\u00f3ximo s\u00e1bado,&hellip; <\/p>\n","protected":false},"author":1,"featured_media":96103,"comment_status":"closed","ping_status":"closed","sticky":false,"template":"","format":"standard","meta":{"sfsi_plus_gutenberg_text_before_share":"","sfsi_plus_gutenberg_show_text_before_share":"","sfsi_plus_gutenberg_icon_type":"","sfsi_plus_gutenberg_icon_alignemt":"","sfsi_plus_gutenburg_max_per_row":"","footnotes":""},"categories":[11],"tags":[],"class_list":["post-96102","post","type-post","status-publish","format-standard","has-post-thumbnail","hentry","category-politica"],"_links":{"self":[{"href":"https:\/\/www.caririemacao.com\/1\/wp-json\/wp\/v2\/posts\/96102","targetHints":{"allow":["GET"]}}],"collection":[{"href":"https:\/\/www.caririemacao.com\/1\/wp-json\/wp\/v2\/posts"}],"about":[{"href":"https:\/\/www.caririemacao.com\/1\/wp-json\/wp\/v2\/types\/post"}],"author":[{"embeddable":true,"href":"https:\/\/www.caririemacao.com\/1\/wp-json\/wp\/v2\/users\/1"}],"replies":[{"embeddable":true,"href":"https:\/\/www.caririemacao.com\/1\/wp-json\/wp\/v2\/comments?post=96102"}],"version-history":[{"count":1,"href":"https:\/\/www.caririemacao.com\/1\/wp-json\/wp\/v2\/posts\/96102\/revisions"}],"predecessor-version":[{"id":96104,"href":"https:\/\/www.caririemacao.com\/1\/wp-json\/wp\/v2\/posts\/96102\/revisions\/96104"}],"wp:featuredmedia":[{"embeddable":true,"href":"https:\/\/www.caririemacao.com\/1\/wp-json\/wp\/v2\/media\/96103"}],"wp:attachment":[{"href":"https:\/\/www.caririemacao.com\/1\/wp-json\/wp\/v2\/media?parent=96102"}],"wp:term":[{"taxonomy":"category","embeddable":true,"href":"https:\/\/www.caririemacao.com\/1\/wp-json\/wp\/v2\/categories?post=96102"},{"taxonomy":"post_tag","embeddable":true,"href":"https:\/\/www.caririemacao.com\/1\/wp-json\/wp\/v2\/tags?post=96102"}],"curies":[{"name":"wp","href":"https:\/\/api.w.org\/{rel}","templated":true}]}}