{"id":96121,"date":"2019-05-23T08:30:25","date_gmt":"2019-05-23T11:30:25","guid":{"rendered":"http:\/\/www.caririemacao.com\/1\/?p=96121"},"modified":"2019-05-23T08:30:25","modified_gmt":"2019-05-23T11:30:25","slug":"homem-e-preso-suspeito-de-matar-mulher-por-ela-ter-negado-ter-relacoes-sexuais-com-ele-na-pb","status":"publish","type":"post","link":"https:\/\/www.caririemacao.com\/1\/2019\/05\/23\/homem-e-preso-suspeito-de-matar-mulher-por-ela-ter-negado-ter-relacoes-sexuais-com-ele-na-pb\/","title":{"rendered":"Homem \u00e9 preso suspeito de matar mulher por ela ter negado ter rela\u00e7\u00f5es sexuais com ele, na PB"},"content":{"rendered":"\n<p>Uma opera\u00e7\u00e3o da Pol\u00edcia Civil deflagrada no in\u00edcio da manh\u00e3 desta quinta-feira (23), em Campina Grande, prendeu o homem suspeito de matar uma mulher com oito facadas no pesco\u00e7o, na \u00faltima segunda-feira (20). De acordo com a delegada Nerc\u00edlia Dantas, o homem preso teria matado Poliana Nunes Louren\u00e7o, de 31 anos, porque ela se recusou a ter rela\u00e7\u00f5es sexuais com ele.<div><br>Ainda conforme informa\u00e7\u00f5es da delegada, que est\u00e1 a frente da opera\u00e7\u00e3o, a pol\u00edcia chegou ao suspeito a partir de detalhes da cena do crime, que estava com bastante sangue, o que os levou a entender que teria sido um crime de \u00f3dio.<\/div><\/p>\n\n\n\n<p><div><br>A principal hip\u00f3tese da motiva\u00e7\u00e3o do crime, de acordo com a Pol\u00edcia Civil, \u00e9 que a v\u00edtima tenha se recusado a ter rela\u00e7\u00e3o sexual com o acusado, o que lhe causou revolta e o motivou a praticar o crime.<\/div><\/p>\n\n\n\n<p><div><br>Ap\u00f3s investiga\u00e7\u00e3o, a pol\u00edcia concluiu que o principal suspeito \u00e9 Wanderley Luna Nascimento, de 37 anos. Ele est\u00e1 preso temporariamente na Central de Pol\u00edcia de Campina Grande. O pai dele, Jos\u00e9 Alexandre do Nascimento, de 61 anos, tamb\u00e9m foi preso em flagrante.<\/div><\/p>\n\n\n\n<p><div><br>Na casa do pai do acusado a pol\u00edcia apreendeu um rev\u00f3lver e a poss\u00edvel arma do crime, uma faca, que ser\u00e1 submetida a exames para verificar se h\u00e1 vest\u00edgios de sangue. Tamb\u00e9m foram apreendidas roupas que o acusado teria usado no dia do crime. Os objetos v\u00e3o passar por uma per\u00edcia.<\/div><\/p>\n\n\n\n<p><div><br>De acordo com a m\u00e3e da v\u00edtima, Poliana foi m\u00e3e de tr\u00eas filhos. O mais velho era deficiente e morreu aos 15 anos de idade. Os outros dois filhos eram de 14 e 6 anos. \u201cDesde o momento que come\u00e7ou a usar crack, ela destruiu tudo. Ela come\u00e7ou a vender tudo e a gente chegou a ficar sem roupa pra vestir. Ela tinha um filho especial e vendia at\u00e9 o respirador dele. <\/div><\/p>\n\n\n\n<p><div>Outra vez, o pai correu atr\u00e1s dela porque ela estava com o \u00faltimo ventilador para vender e usar drogas\u201d, contou Irene Nunes.<\/div><\/p>\n\n\n\n<p><\/p>\n\n\n\n<p>G1<\/p>\n","protected":false},"excerpt":{"rendered":"<p>Uma opera\u00e7\u00e3o da Pol\u00edcia Civil deflagrada no in\u00edcio da manh\u00e3 desta quinta-feira (23), em Campina Grande, prendeu o homem suspeito de matar uma mulher com&hellip; <\/p>\n","protected":false},"author":2,"featured_media":96122,"comment_status":"closed","ping_status":"closed","sticky":false,"template":"","format":"standard","meta":{"sfsi_plus_gutenberg_text_before_share":"","sfsi_plus_gutenberg_show_text_before_share":"","sfsi_plus_gutenberg_icon_type":"","sfsi_plus_gutenberg_icon_alignemt":"","sfsi_plus_gutenburg_max_per_row":"","footnotes":""},"categories":[12],"tags":[],"class_list":["post-96121","post","type-post","status-publish","format-standard","has-post-thumbnail","hentry","category-policia"],"_links":{"self":[{"href":"https:\/\/www.caririemacao.com\/1\/wp-json\/wp\/v2\/posts\/96121","targetHints":{"allow":["GET"]}}],"collection":[{"href":"https:\/\/www.caririemacao.com\/1\/wp-json\/wp\/v2\/posts"}],"about":[{"href":"https:\/\/www.caririemacao.com\/1\/wp-json\/wp\/v2\/types\/post"}],"author":[{"embeddable":true,"href":"https:\/\/www.caririemacao.com\/1\/wp-json\/wp\/v2\/users\/2"}],"replies":[{"embeddable":true,"href":"https:\/\/www.caririemacao.com\/1\/wp-json\/wp\/v2\/comments?post=96121"}],"version-history":[{"count":1,"href":"https:\/\/www.caririemacao.com\/1\/wp-json\/wp\/v2\/posts\/96121\/revisions"}],"predecessor-version":[{"id":96123,"href":"https:\/\/www.caririemacao.com\/1\/wp-json\/wp\/v2\/posts\/96121\/revisions\/96123"}],"wp:featuredmedia":[{"embeddable":true,"href":"https:\/\/www.caririemacao.com\/1\/wp-json\/wp\/v2\/media\/96122"}],"wp:attachment":[{"href":"https:\/\/www.caririemacao.com\/1\/wp-json\/wp\/v2\/media?parent=96121"}],"wp:term":[{"taxonomy":"category","embeddable":true,"href":"https:\/\/www.caririemacao.com\/1\/wp-json\/wp\/v2\/categories?post=96121"},{"taxonomy":"post_tag","embeddable":true,"href":"https:\/\/www.caririemacao.com\/1\/wp-json\/wp\/v2\/tags?post=96121"}],"curies":[{"name":"wp","href":"https:\/\/api.w.org\/{rel}","templated":true}]}}