{"id":96127,"date":"2019-05-23T09:32:57","date_gmt":"2019-05-23T12:32:57","guid":{"rendered":"http:\/\/www.caririemacao.com\/1\/?p=96127"},"modified":"2019-05-23T09:32:57","modified_gmt":"2019-05-23T12:32:57","slug":"mulher-fica-ferida-apos-discussao-com-ex-companheiro","status":"publish","type":"post","link":"https:\/\/www.caririemacao.com\/1\/2019\/05\/23\/mulher-fica-ferida-apos-discussao-com-ex-companheiro\/","title":{"rendered":"Mulher fica ferida ap\u00f3s discuss\u00e3o com ex-companheiro"},"content":{"rendered":"\n<p>Uma mulher ficou ferida na manh\u00e3 desta quinta-feira (23) depois de uma discuss\u00e3o com o ex-companheiro, no bairro do Alto do Mateus, em Jo\u00e3o Pessoa. De acordo com informa\u00e7\u00f5es repassadas pelo irm\u00e3o da v\u00edtima \u00e0 Pol\u00edcia Militar, a mulher teria se cortado com uma faca durante a discuss\u00e3o.<\/p>\n\n\n\n<p>A Pol\u00edcia Militar foi acionada por moradores, que encontraram a mulher ferida na rua. O irm\u00e3o da v\u00edtima explicou que ela estava bebendo com o ex-companheiro, quando pegou uma faca. O suspeito teria tentado retirar a faca da m\u00e3o dela e, nesse momento, ela teria cortado o dedo.<\/p>\n\n\n\n<p>O suspeito, que foi levado para a Central de Pol\u00edcia Civil, em Jo\u00e3o Pessoa, contou que a mulher caiu na rua e bateu a cabe\u00e7a. Ele saiu correndo com a faca e, quando estava entrando em um \u00f4nibus, foi preso pela pol\u00edcia.<\/p>\n\n\n\n<p>Conforme relatou o suspeito, ele est\u00e1 separado da mulher h\u00e1 seca de uma semana. A Pol\u00edcia Civil vai investigar o caso. A mulher aguardava atendimento do Samu at\u00e9 as 7h20.<\/p>\n\n\n\n<p><\/p>\n\n\n\n<p>G1<\/p>\n","protected":false},"excerpt":{"rendered":"<p>Uma mulher ficou ferida na manh\u00e3 desta quinta-feira (23) depois de uma discuss\u00e3o com o ex-companheiro, no bairro do Alto do Mateus, em Jo\u00e3o Pessoa.&hellip; <\/p>\n","protected":false},"author":2,"featured_media":86019,"comment_status":"closed","ping_status":"closed","sticky":false,"template":"","format":"standard","meta":{"sfsi_plus_gutenberg_text_before_share":"","sfsi_plus_gutenberg_show_text_before_share":"","sfsi_plus_gutenberg_icon_type":"","sfsi_plus_gutenberg_icon_alignemt":"","sfsi_plus_gutenburg_max_per_row":"","footnotes":""},"categories":[12],"tags":[],"class_list":["post-96127","post","type-post","status-publish","format-standard","has-post-thumbnail","hentry","category-policia"],"_links":{"self":[{"href":"https:\/\/www.caririemacao.com\/1\/wp-json\/wp\/v2\/posts\/96127","targetHints":{"allow":["GET"]}}],"collection":[{"href":"https:\/\/www.caririemacao.com\/1\/wp-json\/wp\/v2\/posts"}],"about":[{"href":"https:\/\/www.caririemacao.com\/1\/wp-json\/wp\/v2\/types\/post"}],"author":[{"embeddable":true,"href":"https:\/\/www.caririemacao.com\/1\/wp-json\/wp\/v2\/users\/2"}],"replies":[{"embeddable":true,"href":"https:\/\/www.caririemacao.com\/1\/wp-json\/wp\/v2\/comments?post=96127"}],"version-history":[{"count":1,"href":"https:\/\/www.caririemacao.com\/1\/wp-json\/wp\/v2\/posts\/96127\/revisions"}],"predecessor-version":[{"id":96128,"href":"https:\/\/www.caririemacao.com\/1\/wp-json\/wp\/v2\/posts\/96127\/revisions\/96128"}],"wp:featuredmedia":[{"embeddable":true,"href":"https:\/\/www.caririemacao.com\/1\/wp-json\/wp\/v2\/media\/86019"}],"wp:attachment":[{"href":"https:\/\/www.caririemacao.com\/1\/wp-json\/wp\/v2\/media?parent=96127"}],"wp:term":[{"taxonomy":"category","embeddable":true,"href":"https:\/\/www.caririemacao.com\/1\/wp-json\/wp\/v2\/categories?post=96127"},{"taxonomy":"post_tag","embeddable":true,"href":"https:\/\/www.caririemacao.com\/1\/wp-json\/wp\/v2\/tags?post=96127"}],"curies":[{"name":"wp","href":"https:\/\/api.w.org\/{rel}","templated":true}]}}