{"id":96129,"date":"2019-05-23T09:41:14","date_gmt":"2019-05-23T12:41:14","guid":{"rendered":"http:\/\/www.caririemacao.com\/1\/?p=96129"},"modified":"2019-05-23T09:41:14","modified_gmt":"2019-05-23T12:41:14","slug":"bolsonaro-minimiza-derrota-de-moro-e-diz-que-coaf-continua-no-governo","status":"publish","type":"post","link":"https:\/\/www.caririemacao.com\/1\/2019\/05\/23\/bolsonaro-minimiza-derrota-de-moro-e-diz-que-coaf-continua-no-governo\/","title":{"rendered":"Bolsonaro minimiza derrota de Moro e diz que Coaf continua no governo"},"content":{"rendered":"\n<p>O presidente Jair Bolsonaro (PSL) minimizou nesta quarta-feira (22) a derrota imposta pela C\u00e2mara ao ministro da Justi\u00e7a, Sergio Moro, que teve tirado de seu comando o Coaf (Conselho de Controle de Atividades Financeiras).<\/p>\n\n\n\n<p>\u201cContinua no governo\u201d, resumiu Bolsonaro ao ser questionado sobre o tema durante evento em comemora\u00e7\u00e3o aos 71 anos da cria\u00e7\u00e3o do Estado de Israel, em Bras\u00edlia.<\/p>\n\n\n\n<p>Ap\u00f3s uma s\u00e9rie de embates, o plen\u00e1rio da C\u00e2mara aprovou nesta quarta a medida provis\u00f3ria que reestrutura o governo Bolsonaro, incluindo o enxugamento do n\u00famero de minist\u00e9rios implantado no come\u00e7o do mandato.<\/p>\n\n\n\n<p>O Coaf, que havia sido transferido \u00e0 Justi\u00e7a, voltou ao comando do Minist\u00e9rio da Economia, o que representa uma derrota a Moro.<\/p>\n\n\n\n<p>Apesar dessa derrota, a aprova\u00e7\u00e3o da MP \u00e9 positiva para Bolsonaro no geral, devido \u00e0s dificuldades do governo para coloc\u00e1-la em vota\u00e7\u00e3o e ao risco de ela caducar at\u00e9 3 de junho -o texto ainda precisar\u00e1 passar pelo Senado.<\/p>\n\n\n\n<p>J\u00e1 nas redes sociais, Bolsonaro comemorou a aprova\u00e7\u00e3o pelo Senado de uma medida provis\u00f3ria que abre 100% do setor a\u00e9reo ao capital estrangeiro.<\/p>\n\n\n\n<p>\u201cAprovada no Senado a MP que libera capital estrangeiro em companhias a\u00e9reas brasileiras. Ganha a nossa economia e nossa popula\u00e7\u00e3o com os efeitos da competitividade e do livre mercado: melhores servi\u00e7os e menores pre\u00e7os. Parab\u00e9ns a todos que trabalharam na aprova\u00e7\u00e3o desta medida!\u201d, escreveu.<\/p>\n\n\n\n<p>Bolsonaro participou na noite desta quarta de ato de comemora\u00e7\u00e3o aos 71 anos de Israel, na embaixada em Bras\u00edlia.<\/p>\n\n\n\n<p>Ao lado de ministros, o presidente fez acenos ao primeiro-ministro israelense, Binyamin Netanyahu, dizendo que ele tamb\u00e9m \u00e9 capit\u00e3o. Bolsonaro \u00e9 capit\u00e3o reformado do Ex\u00e9rcito.<\/p>\n\n\n\n<p>Sem mencionar diretamente ex-presidentes, ele disse ainda que Israel ficou um ano sem embaixador no Brasil \u201cpor quest\u00f5es pol\u00edticas\u201d, mas cumprimentou o atual titular, Yossi Sheley, dizendo que ele \u201ccompensou e muito\u201d a lacuna.<\/p>\n\n\n\n<p>Bolsonaro, que visitou Israel em abril, disse que a rela\u00e7\u00e3o com o estado foi estreitada.<\/p>\n\n\n\n<p>Ele encerrou o discurso com sua frase de campanha, com gesto de homenagem.<\/p>\n\n\n\n<p>\u201cBrasil e Israel acima de tudo e Deus acima de todos\u201d, disse.<\/p>\n","protected":false},"excerpt":{"rendered":"<p>O presidente Jair Bolsonaro (PSL) minimizou nesta quarta-feira (22) a derrota imposta pela C\u00e2mara ao ministro da Justi\u00e7a, Sergio Moro, que teve tirado de seu&hellip; <\/p>\n","protected":false},"author":1,"featured_media":95787,"comment_status":"closed","ping_status":"closed","sticky":false,"template":"","format":"standard","meta":{"sfsi_plus_gutenberg_text_before_share":"","sfsi_plus_gutenberg_show_text_before_share":"","sfsi_plus_gutenberg_icon_type":"","sfsi_plus_gutenberg_icon_alignemt":"","sfsi_plus_gutenburg_max_per_row":"","footnotes":""},"categories":[11],"tags":[],"class_list":["post-96129","post","type-post","status-publish","format-standard","has-post-thumbnail","hentry","category-politica"],"_links":{"self":[{"href":"https:\/\/www.caririemacao.com\/1\/wp-json\/wp\/v2\/posts\/96129","targetHints":{"allow":["GET"]}}],"collection":[{"href":"https:\/\/www.caririemacao.com\/1\/wp-json\/wp\/v2\/posts"}],"about":[{"href":"https:\/\/www.caririemacao.com\/1\/wp-json\/wp\/v2\/types\/post"}],"author":[{"embeddable":true,"href":"https:\/\/www.caririemacao.com\/1\/wp-json\/wp\/v2\/users\/1"}],"replies":[{"embeddable":true,"href":"https:\/\/www.caririemacao.com\/1\/wp-json\/wp\/v2\/comments?post=96129"}],"version-history":[{"count":1,"href":"https:\/\/www.caririemacao.com\/1\/wp-json\/wp\/v2\/posts\/96129\/revisions"}],"predecessor-version":[{"id":96130,"href":"https:\/\/www.caririemacao.com\/1\/wp-json\/wp\/v2\/posts\/96129\/revisions\/96130"}],"wp:featuredmedia":[{"embeddable":true,"href":"https:\/\/www.caririemacao.com\/1\/wp-json\/wp\/v2\/media\/95787"}],"wp:attachment":[{"href":"https:\/\/www.caririemacao.com\/1\/wp-json\/wp\/v2\/media?parent=96129"}],"wp:term":[{"taxonomy":"category","embeddable":true,"href":"https:\/\/www.caririemacao.com\/1\/wp-json\/wp\/v2\/categories?post=96129"},{"taxonomy":"post_tag","embeddable":true,"href":"https:\/\/www.caririemacao.com\/1\/wp-json\/wp\/v2\/tags?post=96129"}],"curies":[{"name":"wp","href":"https:\/\/api.w.org\/{rel}","templated":true}]}}