{"id":96133,"date":"2019-05-23T09:49:38","date_gmt":"2019-05-23T12:49:38","guid":{"rendered":"http:\/\/www.caririemacao.com\/1\/?p=96133"},"modified":"2019-05-23T09:49:38","modified_gmt":"2019-05-23T12:49:38","slug":"prefeito-de-juazeirinho-e-condenado-na-2a-instancia-e-fica-inelegivel","status":"publish","type":"post","link":"https:\/\/www.caririemacao.com\/1\/2019\/05\/23\/prefeito-de-juazeirinho-e-condenado-na-2a-instancia-e-fica-inelegivel\/","title":{"rendered":"Prefeito de Juazeirinho \u00e9 condenado na 2\u00aa inst\u00e2ncia e fica ineleg\u00edvel"},"content":{"rendered":"\n<p>O colegiado do Tribunal Regional Federal da 5\u00aa regi\u00e3o, em Recife\/PE, manteve a condena\u00e7\u00e3o de 1\u00ba grau que condenou o prefeito de Juazeirinho, Bevilacqua Matias, e o atual presidente da C\u00e2mara de Juazeirinho, C\u00edcero Silva. A condena\u00e7\u00e3o foi publicada e o prefeito ingressou com embargos no pr\u00f3prio tribunal, recurso que inclusive o mant\u00e9m no cargo.<\/p>\n\n\n\n<p>A condena\u00e7\u00e3o acontece em 2\u00aa inst\u00e2ncia, o que torna o prefeito e o presidente da C\u00e2mara de Juazeirinho ineleg\u00edveis para as pr\u00f3ximas elei\u00e7\u00f5es, com base na Lei da Ficha Limpa.<\/p>\n\n\n\n<p>Segundo os autos do processo, o Minist\u00e9rio P\u00fablico Federal acusou o gestor de utiliza\u00e7\u00e3o indevida de recursos p\u00fablicos para compra de um \u00f4nibus para si, mas pago com recursos de suposta loca\u00e7\u00e3o junto a Prefeitura de Juazeirinho. Os fatos ocorreram na primeira administra\u00e7\u00e3o de Bevil\u00e1cqua no ano de 2010.<\/p>\n\n\n\n<p>O prefeito de Juazeirinho foi condenado a devolver o ve\u00edculo adquirido irregularmente, ressarcimento do valor empregado para compra do carro, suspens\u00e3o dos direitos pol\u00edticos por 9 anos e multa no valor de 21 mil reais.<\/p>\n\n\n\n<p>J\u00e1 o atual presidente da C\u00e2mara de Juazeirinho, C\u00edcero Silva, que h\u00e1 \u00e9poca era motorista da Prefeitura, participou segundo os autos processuais como colaborador de toda a farsa montada por Bevilacqua. Ele \u00e9 acusado de ser o intermediador da compra do ve\u00edculo e conduziu o carro por um bom tempo carregando estudantes, recebendo uma parte do valor de loca\u00e7\u00e3o e repassando a outra ao prefeito Bevi.<\/p>\n\n\n\n<p>C\u00edcero teve uma consequ\u00eancia ainda mais danosa, pois n\u00e3o recorreu da decis\u00e3o em primeira inst\u00e2ncia e ap\u00f3s essa condena\u00e7\u00e3o do TRF j\u00e1 teve seus direitos pol\u00edticos suspensos. A perda do mandato do vereador deve acontecer em breve, assim que a Justi\u00e7a Federal informar o teor da decis\u00e3o ao Cart\u00f3rio Eleitoral local.<\/p>\n\n\n\n<p>A reportagem tentou contato com o prefeito, mas n\u00e3o obteve \u00eaxito.<\/p>\n","protected":false},"excerpt":{"rendered":"<p>O colegiado do Tribunal Regional Federal da 5\u00aa regi\u00e3o, em Recife\/PE, manteve a condena\u00e7\u00e3o de 1\u00ba grau que condenou o prefeito de Juazeirinho, Bevilacqua Matias,&hellip; <\/p>\n","protected":false},"author":1,"featured_media":96134,"comment_status":"closed","ping_status":"closed","sticky":false,"template":"","format":"standard","meta":{"sfsi_plus_gutenberg_text_before_share":"","sfsi_plus_gutenberg_show_text_before_share":"","sfsi_plus_gutenberg_icon_type":"","sfsi_plus_gutenberg_icon_alignemt":"","sfsi_plus_gutenburg_max_per_row":"","footnotes":""},"categories":[6,50],"tags":[],"class_list":["post-96133","post","type-post","status-publish","format-standard","has-post-thumbnail","hentry","category-cidades","category-destaque"],"_links":{"self":[{"href":"https:\/\/www.caririemacao.com\/1\/wp-json\/wp\/v2\/posts\/96133","targetHints":{"allow":["GET"]}}],"collection":[{"href":"https:\/\/www.caririemacao.com\/1\/wp-json\/wp\/v2\/posts"}],"about":[{"href":"https:\/\/www.caririemacao.com\/1\/wp-json\/wp\/v2\/types\/post"}],"author":[{"embeddable":true,"href":"https:\/\/www.caririemacao.com\/1\/wp-json\/wp\/v2\/users\/1"}],"replies":[{"embeddable":true,"href":"https:\/\/www.caririemacao.com\/1\/wp-json\/wp\/v2\/comments?post=96133"}],"version-history":[{"count":1,"href":"https:\/\/www.caririemacao.com\/1\/wp-json\/wp\/v2\/posts\/96133\/revisions"}],"predecessor-version":[{"id":96135,"href":"https:\/\/www.caririemacao.com\/1\/wp-json\/wp\/v2\/posts\/96133\/revisions\/96135"}],"wp:featuredmedia":[{"embeddable":true,"href":"https:\/\/www.caririemacao.com\/1\/wp-json\/wp\/v2\/media\/96134"}],"wp:attachment":[{"href":"https:\/\/www.caririemacao.com\/1\/wp-json\/wp\/v2\/media?parent=96133"}],"wp:term":[{"taxonomy":"category","embeddable":true,"href":"https:\/\/www.caririemacao.com\/1\/wp-json\/wp\/v2\/categories?post=96133"},{"taxonomy":"post_tag","embeddable":true,"href":"https:\/\/www.caririemacao.com\/1\/wp-json\/wp\/v2\/tags?post=96133"}],"curies":[{"name":"wp","href":"https:\/\/api.w.org\/{rel}","templated":true}]}}