{"id":96136,"date":"2019-05-23T10:17:06","date_gmt":"2019-05-23T13:17:06","guid":{"rendered":"http:\/\/www.caririemacao.com\/1\/?p=96136"},"modified":"2019-05-23T10:17:06","modified_gmt":"2019-05-23T13:17:06","slug":"servidores-da-paraiba-vao-ter-feriadao-de-cinco-dias-de-corpus-christi-ate-o-sao-joao-em-2019","status":"publish","type":"post","link":"https:\/\/www.caririemacao.com\/1\/2019\/05\/23\/servidores-da-paraiba-vao-ter-feriadao-de-cinco-dias-de-corpus-christi-ate-o-sao-joao-em-2019\/","title":{"rendered":"Servidores da Para\u00edba v\u00e3o ter \u2018feriad\u00e3o\u2019 de cinco dias, de Corpus Christi at\u00e9 o S\u00e3o Jo\u00e3o, em 2019"},"content":{"rendered":"\n<p>Uma portaria que torna o per\u00edodo entre o dia de Corpus Christi e o feriado de S\u00e3o Jo\u00e3o em um \u201cferiad\u00e3o\u201d de cinco dias, em 2019, por meio do ponto facultativo em reparti\u00e7\u00f5es p\u00fablicas estaduais, foi publicada no&nbsp;<a href=\"https:\/\/auniao.pb.gov.br\/servicos\/arquivo-digital\/doe\/2019\/maio\/diario-oficial-22-05-2019.pdf\" target=\"_blank\" rel=\"noreferrer noopener\">Di\u00e1rio Oficial do Estado<\/a>&nbsp;da Para\u00edba, nesta quarta-feira (22). Este ano, Corpus Christi ser\u00e1 celebrado no dia 20 de junho, enquanto o S\u00e3o Jo\u00e3o ser\u00e1 festejado no dia 24.<\/p>\n\n\n\n<p>De acordo com a portaria, nos dias 20, 21 e 24 de junho deste ano o expediente nas reparti\u00e7\u00f5es estaduais, da administra\u00e7\u00e3o direta e indireta do Poder Executivo, ser\u00e1 facultativo. Apesar disso, o funcionamento dos servi\u00e7os essenciais, como os de sa\u00fade e seguran\u00e7a, dever\u00e1 ser mantido.<\/p>\n\n\n\n<p>Para compensar essas datas, nos dias 11, 12, 13, 14, 17, 18 e 19 de junho deste ano o expediente nesses locais dever\u00e1 ocorrer at\u00e9 as 17h30, conforme a portaria.<\/p>\n\n\n\n<p>Os ve\u00edculos oficiais dever\u00e3o ser recolhidos ao fim do expediente do dia 19 e liberados uma hora antes do in\u00edcio do expediente, no dia 25. Segundo a portaria, essa determina\u00e7\u00e3o n\u00e3o se aplica a ve\u00edculos como ambul\u00e2ncias, os utilizados par fiscaliza\u00e7\u00f5es ou os das pol\u00edcias.<\/p>\n\n\n\n<p><strong>Com G1 Para\u00edba<\/strong><\/p>\n","protected":false},"excerpt":{"rendered":"<p>Uma portaria que torna o per\u00edodo entre o dia de Corpus Christi e o feriado de S\u00e3o Jo\u00e3o em um \u201cferiad\u00e3o\u201d de cinco dias, em&hellip; <\/p>\n","protected":false},"author":1,"featured_media":96141,"comment_status":"closed","ping_status":"closed","sticky":false,"template":"","format":"standard","meta":{"sfsi_plus_gutenberg_text_before_share":"","sfsi_plus_gutenberg_show_text_before_share":"","sfsi_plus_gutenberg_icon_type":"","sfsi_plus_gutenberg_icon_alignemt":"","sfsi_plus_gutenburg_max_per_row":"","footnotes":""},"categories":[2],"tags":[],"class_list":["post-96136","post","type-post","status-publish","format-standard","has-post-thumbnail","hentry","category-geral"],"_links":{"self":[{"href":"https:\/\/www.caririemacao.com\/1\/wp-json\/wp\/v2\/posts\/96136","targetHints":{"allow":["GET"]}}],"collection":[{"href":"https:\/\/www.caririemacao.com\/1\/wp-json\/wp\/v2\/posts"}],"about":[{"href":"https:\/\/www.caririemacao.com\/1\/wp-json\/wp\/v2\/types\/post"}],"author":[{"embeddable":true,"href":"https:\/\/www.caririemacao.com\/1\/wp-json\/wp\/v2\/users\/1"}],"replies":[{"embeddable":true,"href":"https:\/\/www.caririemacao.com\/1\/wp-json\/wp\/v2\/comments?post=96136"}],"version-history":[{"count":1,"href":"https:\/\/www.caririemacao.com\/1\/wp-json\/wp\/v2\/posts\/96136\/revisions"}],"predecessor-version":[{"id":96142,"href":"https:\/\/www.caririemacao.com\/1\/wp-json\/wp\/v2\/posts\/96136\/revisions\/96142"}],"wp:featuredmedia":[{"embeddable":true,"href":"https:\/\/www.caririemacao.com\/1\/wp-json\/wp\/v2\/media\/96141"}],"wp:attachment":[{"href":"https:\/\/www.caririemacao.com\/1\/wp-json\/wp\/v2\/media?parent=96136"}],"wp:term":[{"taxonomy":"category","embeddable":true,"href":"https:\/\/www.caririemacao.com\/1\/wp-json\/wp\/v2\/categories?post=96136"},{"taxonomy":"post_tag","embeddable":true,"href":"https:\/\/www.caririemacao.com\/1\/wp-json\/wp\/v2\/tags?post=96136"}],"curies":[{"name":"wp","href":"https:\/\/api.w.org\/{rel}","templated":true}]}}