{"id":96137,"date":"2019-05-23T09:57:25","date_gmt":"2019-05-23T12:57:25","guid":{"rendered":"http:\/\/www.caririemacao.com\/1\/?p=96137"},"modified":"2019-05-23T09:57:25","modified_gmt":"2019-05-23T12:57:25","slug":"ex-presidente-da-camara-de-gurjao-tem-contas-aprovadas-pelo-tce-pb","status":"publish","type":"post","link":"https:\/\/www.caririemacao.com\/1\/2019\/05\/23\/ex-presidente-da-camara-de-gurjao-tem-contas-aprovadas-pelo-tce-pb\/","title":{"rendered":"Ex-presidente da C\u00e2mara de Gurj\u00e3o tem contas aprovadas pelo TCE-PB"},"content":{"rendered":"\n<p>O Tribunal de Contas do Estado (TCE-PB) aprovou nessa\nquinta-feira (23), as contas do ex-presidente da C\u00e2mara Municipal de Gurj\u00e3o, Adailson\nQueiroz (PSB), referentes ao ano de 2018.<\/p>\n\n\n\n<p>Segundo a corte, a Mesa Diretora da Casa agiu de forma regular,\ncumprindo \u00e0s disposi\u00e7\u00f5es da Lei de Responsabilidade Fiscal.<\/p>\n\n\n\n<p>Na rede social, o vereador informou de sua felicidade em ter suas contas aprovadas. \u201cA minha presta\u00e7\u00e3o de contas ao TCE do ano de 2018, como presidente da C\u00e2mara de Gurj\u00e3o, acabou de ser aprovada, por unanimidade e sem ressalvas, gra\u00e7as a Deus. Obrigado senhor por me fazer cumprir corretamente a lei e os bons princ\u00edpios, e gerenciar os recursos com respeito e zelo com o bem p\u00fablico\u201d, agradeceu. <\/p>\n\n\n\n<figure class=\"wp-block-image\"><img fetchpriority=\"high\" decoding=\"async\" width=\"994\" height=\"628\" src=\"http:\/\/www.caririemacao.com\/1\/wp-content\/uploads\/2019\/05\/WhatsApp-Image-2019-05-23-at-09.31.03.jpeg\" alt=\"\" class=\"wp-image-96139\" srcset=\"https:\/\/www.caririemacao.com\/1\/wp-content\/uploads\/2019\/05\/WhatsApp-Image-2019-05-23-at-09.31.03.jpeg 994w, https:\/\/www.caririemacao.com\/1\/wp-content\/uploads\/2019\/05\/WhatsApp-Image-2019-05-23-at-09.31.03-300x190.jpeg 300w, https:\/\/www.caririemacao.com\/1\/wp-content\/uploads\/2019\/05\/WhatsApp-Image-2019-05-23-at-09.31.03-768x485.jpeg 768w\" sizes=\"(max-width: 994px) 100vw, 994px\" \/><\/figure>\n\n\n\n<p>O ex-presidente e vereador Adailsinho foi o vereador mais votado nas elei\u00e7\u00f5es de 2016 \u00e9 atualmente lembrado para a disputa municipal de 2020, trazendo consigo a experi\u00eancia de sua gest\u00e3o aprovada pelo Tribunal de Contas da Para\u00edba, bi\u00eanio 2017\/2018, e o bom relacionamento com o governo estadual, al\u00e9m de ser um profundo conhecedor da gest\u00e3o p\u00fablica.<\/p>\n","protected":false},"excerpt":{"rendered":"<p>O Tribunal de Contas do Estado (TCE-PB) aprovou nessa quinta-feira (23), as contas do ex-presidente da C\u00e2mara Municipal de Gurj\u00e3o, Adailson Queiroz (PSB), referentes ao&hellip; <\/p>\n","protected":false},"author":2,"featured_media":96138,"comment_status":"closed","ping_status":"closed","sticky":false,"template":"","format":"standard","meta":{"sfsi_plus_gutenberg_text_before_share":"","sfsi_plus_gutenberg_show_text_before_share":"","sfsi_plus_gutenberg_icon_type":"","sfsi_plus_gutenberg_icon_alignemt":"","sfsi_plus_gutenburg_max_per_row":"","footnotes":""},"categories":[50,11],"tags":[],"class_list":["post-96137","post","type-post","status-publish","format-standard","has-post-thumbnail","hentry","category-destaque","category-politica"],"_links":{"self":[{"href":"https:\/\/www.caririemacao.com\/1\/wp-json\/wp\/v2\/posts\/96137","targetHints":{"allow":["GET"]}}],"collection":[{"href":"https:\/\/www.caririemacao.com\/1\/wp-json\/wp\/v2\/posts"}],"about":[{"href":"https:\/\/www.caririemacao.com\/1\/wp-json\/wp\/v2\/types\/post"}],"author":[{"embeddable":true,"href":"https:\/\/www.caririemacao.com\/1\/wp-json\/wp\/v2\/users\/2"}],"replies":[{"embeddable":true,"href":"https:\/\/www.caririemacao.com\/1\/wp-json\/wp\/v2\/comments?post=96137"}],"version-history":[{"count":1,"href":"https:\/\/www.caririemacao.com\/1\/wp-json\/wp\/v2\/posts\/96137\/revisions"}],"predecessor-version":[{"id":96140,"href":"https:\/\/www.caririemacao.com\/1\/wp-json\/wp\/v2\/posts\/96137\/revisions\/96140"}],"wp:featuredmedia":[{"embeddable":true,"href":"https:\/\/www.caririemacao.com\/1\/wp-json\/wp\/v2\/media\/96138"}],"wp:attachment":[{"href":"https:\/\/www.caririemacao.com\/1\/wp-json\/wp\/v2\/media?parent=96137"}],"wp:term":[{"taxonomy":"category","embeddable":true,"href":"https:\/\/www.caririemacao.com\/1\/wp-json\/wp\/v2\/categories?post=96137"},{"taxonomy":"post_tag","embeddable":true,"href":"https:\/\/www.caririemacao.com\/1\/wp-json\/wp\/v2\/tags?post=96137"}],"curies":[{"name":"wp","href":"https:\/\/api.w.org\/{rel}","templated":true}]}}