{"id":96143,"date":"2019-05-23T10:20:50","date_gmt":"2019-05-23T13:20:50","guid":{"rendered":"http:\/\/www.caririemacao.com\/1\/?p=96143"},"modified":"2019-05-23T10:20:50","modified_gmt":"2019-05-23T13:20:50","slug":"paraiba-ja-registra-mais-de-400-casos-de-doenca-de-pele-contagiosa","status":"publish","type":"post","link":"https:\/\/www.caririemacao.com\/1\/2019\/05\/23\/paraiba-ja-registra-mais-de-400-casos-de-doenca-de-pele-contagiosa\/","title":{"rendered":"Para\u00edba j\u00e1 registra mais de 400 casos de doen\u00e7a de pele contagiosa"},"content":{"rendered":"\n<p>A Para\u00edba j\u00e1 notificou 404 pacientes com sintomas de esporotricose, desde o ano passado. A doen\u00e7a \u00e9 contagiosa e acredita-se que ainda haja subnotifica\u00e7\u00e3o. Um grupo de trabalho foi criado no \u00e2mbito do Minist\u00e9rio P\u00fablico da Para\u00edba para acompanhar as a\u00e7\u00f5es de enfrentamento ao surto epid\u00eamico de esporotricose no Estado.<\/p>\n\n\n\n<p>Ontem, uma&nbsp;reuni\u00e3o coordenada pela 49\u00aa promotora de Justi\u00e7a de Jo\u00e3o Pessoa, Jovana Maria Silva Tabosa, e representantes das secretarias de Sa\u00fade do Munic\u00edpio e do Estado, do Hospital Universit\u00e1rio Lauro Wanderley, do Conselho Regional de Medicina Veterin\u00e1ria, al\u00e9m de pesquisadores da Universidade Federal da Para\u00edba,&nbsp;da Fiocruz e do&nbsp;Minist\u00e9rio P\u00fablico Federal, definiu que ser\u00e3o&nbsp;refor\u00e7adas&nbsp;as&nbsp;a\u00e7\u00f5es de divulga\u00e7\u00e3o de informa\u00e7\u00f5es, o trabalho de preven\u00e7\u00e3o e combate \u00e0 esporotricose.<\/p>\n\n\n\n<p>Cada \u00f3rg\u00e3o, como secretarias de sa\u00fade e Hospital Universit\u00e1rio Lauro Wanderley (HULW), que atende casos de esporotricose humana no Estado, deve cumprir as a\u00e7\u00f5es sob sua responsabilidade no enfrentamento \u00e0 doen\u00e7a. Tamb\u00e9m \u00e9 importante a interlocu\u00e7\u00e3o dos \u00f3rg\u00e3os com os profissionais de sa\u00fade e com a sociedade para esclarecer sobre a doen\u00e7a, que, mesmo sendo nova, j\u00e1 \u00e9 tratada como epidemia, sendo sua notifica\u00e7\u00e3o compuls\u00f3ria, no Estado.<\/p>\n\n\n\n<p>Representantes do hospital e da Secretaria de Sa\u00fade de Jo\u00e3o Pessoa informaram que tem havido entraves no Minist\u00e9rio da Sa\u00fade para dispensa\u00e7\u00e3o do Itraconazol (medicamento usado para tratar humanos) e apresentaram um fluxo de atendimento e tratamento de pacientes, como tamb\u00e9m para obter a medica\u00e7\u00e3o junto ao MS e proceder a formaliza\u00e7\u00e3o da notifica\u00e7\u00e3o dos casos. Foi criada uma ficha espec\u00edfica para notifica\u00e7\u00e3o e o servi\u00e7o de sa\u00fade se comprometeu em informar os dados pelo sistema FormSUS, nos pr\u00f3ximos dias.<\/p>\n\n\n\n<p><strong>Subnotifica\u00e7\u00e3o<\/strong><\/p>\n\n\n\n<p>A gerente executiva de Vigil\u00e2ncia e Sa\u00fade, Talita Tavares, explicou que o agravo passou a ser de notifica\u00e7\u00e3o compuls\u00f3ria em 2018 e que, desde agosto do mesmo ano, os profissionais de sa\u00fade devem notificar o caso preenchendo a Ficha de Notifica\u00e7\u00e3o \/ Investiga\u00e7\u00e3o dispon\u00edvel online pelo FormSus. \u201cTemos um agravo novo, que precisa ser melhor trabalhado. N\u00e3o temos os dados de 2018 e nem as an\u00e1lises em sistema, pois os formul\u00e1rios n\u00e3o foram preenchidos. \u00c9 oficial que temos um FormSus vigente, com solicita\u00e7\u00e3o de dados necess\u00e1rios para que o Estado possa ter a magnitude do agravo e assim um fluxo de informa\u00e7\u00f5es. Se a notifica\u00e7\u00e3o n\u00e3o chega, n\u00e3o temos como dar suporte aos munic\u00edpios\u201d, pontuou.<\/p>\n\n\n\n<p>O coordenador do N\u00facleo de Vigil\u00e2ncia Epidemiol\u00f3gica do Hospital Universit\u00e1rio Lauro Wnaderley, Clodoaldo Silveira Costa, contou&nbsp;que a recupera\u00e7\u00e3o das informa\u00e7\u00f5es referentes a 2018 j\u00e1 foi feita e que agora o n\u00facleo est\u00e1 trabalhando na alimenta\u00e7\u00e3o do sistema. \u201cPrecis\u00e1vamos de um tempo para fazer isso. Agora podemos passar para o passo seguinte e cumprir essa recomenda\u00e7\u00e3o do Minist\u00e9rio P\u00fablico\u201d.<\/p>\n\n\n\n<p><strong>Cuidados com os animais&nbsp; &nbsp;&nbsp;<\/strong><br><\/p>\n\n\n\n<p>O grupo de trabalho e acompanhamento da esporotricose destacou, ainda, a import\u00e2ncia do envolvimento da sociedade no enfrentamento da doen\u00e7a em animais e no meio ambiente.&nbsp;<\/p>\n\n\n\n<p>A transmiss\u00e3o da doen\u00e7a ocorre de animais para o homem ou do meio ambiente para o homem. Mas o animal, principalmente o gato, \u00e9 t\u00e3o v\u00edtima quanto o humano, porque o fungo est\u00e1 no meio ambiente.<\/p>\n\n\n\n<p>A m\u00e9dica veterin\u00e1ria, Suely Ruth Silva, informou que nem todo animal doente que arranha ou morde uma pessoa, necessariamente, passa a doen\u00e7a para ela. Ela lembrou que os felinos t\u00eam uma defici\u00eancia imunologia e h\u00e1bitos que fazem com que estejam mais vulner\u00e1veis ao fungo (esporos). Ela tamb\u00e9m explicou que n\u00e3o h\u00e1 transmiss\u00e3o entre humanos, que pegam a doen\u00e7a por meio de uma porta de entrada \u00e0s vezes microsc\u00f3pica (furada, arranh\u00e3o) em contato com o fungo presente em les\u00f5es de animais ou no meio ambiente.<\/p>\n","protected":false},"excerpt":{"rendered":"<p>A Para\u00edba j\u00e1 notificou 404 pacientes com sintomas de esporotricose, desde o ano passado. A doen\u00e7a \u00e9 contagiosa e acredita-se que ainda haja subnotifica\u00e7\u00e3o. Um&hellip; <\/p>\n","protected":false},"author":1,"featured_media":96144,"comment_status":"closed","ping_status":"closed","sticky":false,"template":"","format":"standard","meta":{"sfsi_plus_gutenberg_text_before_share":"","sfsi_plus_gutenberg_show_text_before_share":"","sfsi_plus_gutenberg_icon_type":"","sfsi_plus_gutenberg_icon_alignemt":"","sfsi_plus_gutenburg_max_per_row":"","footnotes":""},"categories":[50,16],"tags":[],"class_list":["post-96143","post","type-post","status-publish","format-standard","has-post-thumbnail","hentry","category-destaque","category-saude"],"_links":{"self":[{"href":"https:\/\/www.caririemacao.com\/1\/wp-json\/wp\/v2\/posts\/96143","targetHints":{"allow":["GET"]}}],"collection":[{"href":"https:\/\/www.caririemacao.com\/1\/wp-json\/wp\/v2\/posts"}],"about":[{"href":"https:\/\/www.caririemacao.com\/1\/wp-json\/wp\/v2\/types\/post"}],"author":[{"embeddable":true,"href":"https:\/\/www.caririemacao.com\/1\/wp-json\/wp\/v2\/users\/1"}],"replies":[{"embeddable":true,"href":"https:\/\/www.caririemacao.com\/1\/wp-json\/wp\/v2\/comments?post=96143"}],"version-history":[{"count":1,"href":"https:\/\/www.caririemacao.com\/1\/wp-json\/wp\/v2\/posts\/96143\/revisions"}],"predecessor-version":[{"id":96145,"href":"https:\/\/www.caririemacao.com\/1\/wp-json\/wp\/v2\/posts\/96143\/revisions\/96145"}],"wp:featuredmedia":[{"embeddable":true,"href":"https:\/\/www.caririemacao.com\/1\/wp-json\/wp\/v2\/media\/96144"}],"wp:attachment":[{"href":"https:\/\/www.caririemacao.com\/1\/wp-json\/wp\/v2\/media?parent=96143"}],"wp:term":[{"taxonomy":"category","embeddable":true,"href":"https:\/\/www.caririemacao.com\/1\/wp-json\/wp\/v2\/categories?post=96143"},{"taxonomy":"post_tag","embeddable":true,"href":"https:\/\/www.caririemacao.com\/1\/wp-json\/wp\/v2\/tags?post=96143"}],"curies":[{"name":"wp","href":"https:\/\/api.w.org\/{rel}","templated":true}]}}