{"id":96148,"date":"2019-05-23T10:26:54","date_gmt":"2019-05-23T13:26:54","guid":{"rendered":"http:\/\/www.caririemacao.com\/1\/?p=96148"},"modified":"2019-05-23T10:26:54","modified_gmt":"2019-05-23T13:26:54","slug":"homem-tem-motocicleta-roubada-em-cidade-do-cariri","status":"publish","type":"post","link":"https:\/\/www.caririemacao.com\/1\/2019\/05\/23\/homem-tem-motocicleta-roubada-em-cidade-do-cariri\/","title":{"rendered":"Homem tem motocicleta roubada em cidade do Cariri"},"content":{"rendered":"\n<p>Uma moto de modelo CG FAN 125, cor preta, ano 2006 de placa KNG-2291 Surubim\/PE, foi furtada na Serra de Z\u00e9 Maia na zona rural de Monteiro no Cariri, na manh\u00e3 desta \u00faltima quarta-feira(22).<\/p>\n\n\n\n<p>De acordo com informa\u00e7\u00f5es , o propriet\u00e1rio deixou sua motocicleta escondida enquanto entrou no mato para ca\u00e7ar, quando na volta percebeu que a moto n\u00e3o estava mais no local onde deixou.<\/p>\n\n\n\n<p>Informa\u00e7\u00f5es Hora1 PB<\/p>\n","protected":false},"excerpt":{"rendered":"<p>Uma moto de modelo CG FAN 125, cor preta, ano 2006 de placa KNG-2291 Surubim\/PE, foi furtada na Serra de Z\u00e9 Maia na zona rural&hellip; <\/p>\n","protected":false},"author":1,"featured_media":86958,"comment_status":"closed","ping_status":"closed","sticky":false,"template":"","format":"standard","meta":{"sfsi_plus_gutenberg_text_before_share":"","sfsi_plus_gutenberg_show_text_before_share":"","sfsi_plus_gutenberg_icon_type":"","sfsi_plus_gutenberg_icon_alignemt":"","sfsi_plus_gutenburg_max_per_row":"","footnotes":""},"categories":[50,12],"tags":[],"class_list":["post-96148","post","type-post","status-publish","format-standard","has-post-thumbnail","hentry","category-destaque","category-policia"],"_links":{"self":[{"href":"https:\/\/www.caririemacao.com\/1\/wp-json\/wp\/v2\/posts\/96148","targetHints":{"allow":["GET"]}}],"collection":[{"href":"https:\/\/www.caririemacao.com\/1\/wp-json\/wp\/v2\/posts"}],"about":[{"href":"https:\/\/www.caririemacao.com\/1\/wp-json\/wp\/v2\/types\/post"}],"author":[{"embeddable":true,"href":"https:\/\/www.caririemacao.com\/1\/wp-json\/wp\/v2\/users\/1"}],"replies":[{"embeddable":true,"href":"https:\/\/www.caririemacao.com\/1\/wp-json\/wp\/v2\/comments?post=96148"}],"version-history":[{"count":1,"href":"https:\/\/www.caririemacao.com\/1\/wp-json\/wp\/v2\/posts\/96148\/revisions"}],"predecessor-version":[{"id":96149,"href":"https:\/\/www.caririemacao.com\/1\/wp-json\/wp\/v2\/posts\/96148\/revisions\/96149"}],"wp:featuredmedia":[{"embeddable":true,"href":"https:\/\/www.caririemacao.com\/1\/wp-json\/wp\/v2\/media\/86958"}],"wp:attachment":[{"href":"https:\/\/www.caririemacao.com\/1\/wp-json\/wp\/v2\/media?parent=96148"}],"wp:term":[{"taxonomy":"category","embeddable":true,"href":"https:\/\/www.caririemacao.com\/1\/wp-json\/wp\/v2\/categories?post=96148"},{"taxonomy":"post_tag","embeddable":true,"href":"https:\/\/www.caririemacao.com\/1\/wp-json\/wp\/v2\/tags?post=96148"}],"curies":[{"name":"wp","href":"https:\/\/api.w.org\/{rel}","templated":true}]}}