{"id":96150,"date":"2019-05-23T10:31:23","date_gmt":"2019-05-23T13:31:23","guid":{"rendered":"http:\/\/www.caririemacao.com\/1\/?p=96150"},"modified":"2019-05-23T10:31:23","modified_gmt":"2019-05-23T13:31:23","slug":"participantes-tem-ate-hoje-para-pagar-taxa-de-inscricao-do-enem","status":"publish","type":"post","link":"https:\/\/www.caririemacao.com\/1\/2019\/05\/23\/participantes-tem-ate-hoje-para-pagar-taxa-de-inscricao-do-enem\/","title":{"rendered":"Participantes t\u00eam at\u00e9 hoje para pagar taxa de inscri\u00e7\u00e3o do Enem"},"content":{"rendered":"\n<p>Termina hoje (23) o prazo para pagar a taxa de inscri\u00e7\u00e3o do Exame Nacional do Ensino M\u00e9dio (Enem) 2019. O valor \u00e9 R$ 85 e pode ser pago em ag\u00eancias banc\u00e1rias, casas lot\u00e9ricas e Correios. A inscri\u00e7\u00e3o s\u00f3 \u00e9 confirmada ap\u00f3s o pagamento.&nbsp;<\/p>\n\n\n\n<p>As inscri\u00e7\u00f5es para o Enem foram encerradas na \u00faltima sexta-feira (17), com 6.384.957 inscritos. O total de participantes confirmados ser\u00e1 divulgado no dia 28 deste m\u00eas.&nbsp;<\/p>\n\n\n\n<p>Quem teve direito \u00e0 isen\u00e7\u00e3o do pagamento da taxa e concluiu a inscri\u00e7\u00e3o no prazo tem participa\u00e7\u00e3o garantida.<\/p>\n\n\n\n<p>As provas ser\u00e3o aplicadas em dois domingos, 3 e 10 de novembro.<\/p>\n\n\n\n<p>Quem j\u00e1 concluiu o ensino m\u00e9dio ou vai concluir este ano pode usar as notas do Enem, por exemplo, para se inscrever em programas de acesso \u00e0 educa\u00e7\u00e3o superior como o Sistema de Sele\u00e7\u00e3o Unificada (Sisu), o Programa Universidade para Todos (ProUni) ou de financiamento estudantil (Fies).<\/p>\n\n\n\n<p><strong>Estudo<\/strong><\/p>\n\n\n\n<p>Para refor\u00e7ar o conhecimento dos candidatos, a Empresa Brasil de Comunica\u00e7\u00e3o (EBC) oferece v\u00e1rias estrat\u00e9gias gratuitas, como o Quest\u00f5es do Enem, no qual os estudantes t\u00eam acesso a um atualizado banco de dados que re\u00fane provas de 2009 at\u00e9 2018. O site permite a resolu\u00e7\u00e3o das quest\u00f5es online, com o recebimento do gabarito. [LINK: http:\/\/questoesenem.ebc.com.br\/]&nbsp;<\/p>\n\n\n\n<p>Pelo perfil&nbsp;<a href=\"https:\/\/twitter.com\/ebcnarede\" target=\"_blank\" rel=\"noreferrer noopener\"><strong>EBC na Rede<\/strong><\/a>, \u00e9 poss\u00edvel acompanhar a s\u00e9rie&nbsp;<em>Caiu no Enem<\/em>. O desafio \u00e9 responder, no fim de semana, \u00e0 quest\u00e3o publicada na sexta-feira. Na segunda-feira, um professor responde ao questionamento. A s\u00e9rie fica at\u00e9 a semana que antecede o exame de 2019. Para ter acesso aos v\u00eddeos com as respostas, basta se inscrever no canal&nbsp;<a href=\"https:\/\/www.youtube.com\/channel\/UCdl9h618rks5vUDFSzTxgew\" target=\"_blank\" rel=\"noreferrer noopener\">youtube.com\/ebcnarede<\/a>.<\/p>\n","protected":false},"excerpt":{"rendered":"<p>Termina hoje (23) o prazo para pagar a taxa de inscri\u00e7\u00e3o do Exame Nacional do Ensino M\u00e9dio (Enem) 2019. O valor \u00e9 R$ 85 e&hellip; <\/p>\n","protected":false},"author":1,"featured_media":89198,"comment_status":"closed","ping_status":"closed","sticky":false,"template":"","format":"standard","meta":{"sfsi_plus_gutenberg_text_before_share":"","sfsi_plus_gutenberg_show_text_before_share":"","sfsi_plus_gutenberg_icon_type":"","sfsi_plus_gutenberg_icon_alignemt":"","sfsi_plus_gutenburg_max_per_row":"","footnotes":""},"categories":[14],"tags":[],"class_list":["post-96150","post","type-post","status-publish","format-standard","has-post-thumbnail","hentry","category-educacao"],"_links":{"self":[{"href":"https:\/\/www.caririemacao.com\/1\/wp-json\/wp\/v2\/posts\/96150","targetHints":{"allow":["GET"]}}],"collection":[{"href":"https:\/\/www.caririemacao.com\/1\/wp-json\/wp\/v2\/posts"}],"about":[{"href":"https:\/\/www.caririemacao.com\/1\/wp-json\/wp\/v2\/types\/post"}],"author":[{"embeddable":true,"href":"https:\/\/www.caririemacao.com\/1\/wp-json\/wp\/v2\/users\/1"}],"replies":[{"embeddable":true,"href":"https:\/\/www.caririemacao.com\/1\/wp-json\/wp\/v2\/comments?post=96150"}],"version-history":[{"count":1,"href":"https:\/\/www.caririemacao.com\/1\/wp-json\/wp\/v2\/posts\/96150\/revisions"}],"predecessor-version":[{"id":96151,"href":"https:\/\/www.caririemacao.com\/1\/wp-json\/wp\/v2\/posts\/96150\/revisions\/96151"}],"wp:featuredmedia":[{"embeddable":true,"href":"https:\/\/www.caririemacao.com\/1\/wp-json\/wp\/v2\/media\/89198"}],"wp:attachment":[{"href":"https:\/\/www.caririemacao.com\/1\/wp-json\/wp\/v2\/media?parent=96150"}],"wp:term":[{"taxonomy":"category","embeddable":true,"href":"https:\/\/www.caririemacao.com\/1\/wp-json\/wp\/v2\/categories?post=96150"},{"taxonomy":"post_tag","embeddable":true,"href":"https:\/\/www.caririemacao.com\/1\/wp-json\/wp\/v2\/tags?post=96150"}],"curies":[{"name":"wp","href":"https:\/\/api.w.org\/{rel}","templated":true}]}}