{"id":96157,"date":"2019-05-23T10:42:51","date_gmt":"2019-05-23T13:42:51","guid":{"rendered":"http:\/\/www.caririemacao.com\/1\/?p=96157"},"modified":"2019-05-23T10:42:51","modified_gmt":"2019-05-23T13:42:51","slug":"estudantes-podem-consultar-vagas-do-sisu","status":"publish","type":"post","link":"https:\/\/www.caririemacao.com\/1\/2019\/05\/23\/estudantes-podem-consultar-vagas-do-sisu\/","title":{"rendered":"Estudantes podem consultar vagas do Sisu"},"content":{"rendered":"\n<p>\n\nEstudantes podem consultar, na&nbsp;<a href=\"http:\/\/sisu.mec.gov.br\/cursos\" target=\"_blank\" rel=\"noreferrer noopener\">p\u00e1gina do Sistema de Sele\u00e7\u00e3o Unificada<\/a>&nbsp;(Sisu), as vagas que ser\u00e3o ofertadas em institui\u00e7\u00f5es p\u00fablicas de ensino superior no segundo semestre deste ano.<\/p>\n\n\n\n<p>A busca pode ser feita por curso, institui\u00e7\u00e3o de ensino e por munic\u00edpio.<\/p>\n\n\n\n<p>Podem participar do Sisu os estudantes que fizeram prova do Exame Nacional do Ensino M\u00e9dio (Enem) em 2018 e obtiveram nota na reda\u00e7\u00e3o acima de zero.<\/p>\n\n\n\n<p>As inscri\u00e7\u00f5es do Sisu poder\u00e3o ser feitas de 4 a 7 de junho. Durante esse per\u00edodo, uma vez por dia, o Sisu calcula a nota de corte, que \u00e9 a menor nota para o candidato ficar entre os potencialmente selecionados.<\/p>\n\n\n\n<p>O resultado ser\u00e1 divulgado no dia 10 de junho. Os participantes poder\u00e3o ainda integrar a lista de espera entre 11 e 17 de junho.<\/p>\n\n\n\n<p><strong>Simulador<\/strong><\/p>\n\n\n\n<p>Para evitar sobrecarga do sistema, o Minist\u00e9rio da Educa\u00e7\u00e3o (MEC) vai tirar temporariamente do ar o simulador do Sisu, que mostra informa\u00e7\u00f5es dos \u00faltimos processos seletivos.<\/p>\n\n\n\n<p>O sistema n\u00e3o poder\u00e1 ser acessado a partir de hoje (23), e a previs\u00e3o \u00e9 que volte ao ar no dia 10 de junho. &#8220;A medida, preventiva, foi necess\u00e1ria para evitar que o sistema fique sobrecarregado&#8221;, informou o MEC.\n\n<\/p>\n","protected":false},"excerpt":{"rendered":"<p>Estudantes podem consultar, na&nbsp;p\u00e1gina do Sistema de Sele\u00e7\u00e3o Unificada&nbsp;(Sisu), as vagas que ser\u00e3o ofertadas em institui\u00e7\u00f5es p\u00fablicas de ensino superior no segundo semestre deste ano.&hellip; <\/p>\n","protected":false},"author":1,"featured_media":82344,"comment_status":"closed","ping_status":"closed","sticky":false,"template":"","format":"standard","meta":{"sfsi_plus_gutenberg_text_before_share":"","sfsi_plus_gutenberg_show_text_before_share":"","sfsi_plus_gutenberg_icon_type":"","sfsi_plus_gutenberg_icon_alignemt":"","sfsi_plus_gutenburg_max_per_row":"","footnotes":""},"categories":[14],"tags":[],"class_list":["post-96157","post","type-post","status-publish","format-standard","has-post-thumbnail","hentry","category-educacao"],"_links":{"self":[{"href":"https:\/\/www.caririemacao.com\/1\/wp-json\/wp\/v2\/posts\/96157","targetHints":{"allow":["GET"]}}],"collection":[{"href":"https:\/\/www.caririemacao.com\/1\/wp-json\/wp\/v2\/posts"}],"about":[{"href":"https:\/\/www.caririemacao.com\/1\/wp-json\/wp\/v2\/types\/post"}],"author":[{"embeddable":true,"href":"https:\/\/www.caririemacao.com\/1\/wp-json\/wp\/v2\/users\/1"}],"replies":[{"embeddable":true,"href":"https:\/\/www.caririemacao.com\/1\/wp-json\/wp\/v2\/comments?post=96157"}],"version-history":[{"count":1,"href":"https:\/\/www.caririemacao.com\/1\/wp-json\/wp\/v2\/posts\/96157\/revisions"}],"predecessor-version":[{"id":96158,"href":"https:\/\/www.caririemacao.com\/1\/wp-json\/wp\/v2\/posts\/96157\/revisions\/96158"}],"wp:featuredmedia":[{"embeddable":true,"href":"https:\/\/www.caririemacao.com\/1\/wp-json\/wp\/v2\/media\/82344"}],"wp:attachment":[{"href":"https:\/\/www.caririemacao.com\/1\/wp-json\/wp\/v2\/media?parent=96157"}],"wp:term":[{"taxonomy":"category","embeddable":true,"href":"https:\/\/www.caririemacao.com\/1\/wp-json\/wp\/v2\/categories?post=96157"},{"taxonomy":"post_tag","embeddable":true,"href":"https:\/\/www.caririemacao.com\/1\/wp-json\/wp\/v2\/tags?post=96157"}],"curies":[{"name":"wp","href":"https:\/\/api.w.org\/{rel}","templated":true}]}}