{"id":96159,"date":"2019-05-23T10:45:46","date_gmt":"2019-05-23T13:45:46","guid":{"rendered":"http:\/\/www.caririemacao.com\/1\/?p=96159"},"modified":"2019-05-23T10:45:46","modified_gmt":"2019-05-23T13:45:46","slug":"divulgado-resultado-dos-candidatos-aptos-ao-sorteio-das-barracas-no-sao-joao-de-sume","status":"publish","type":"post","link":"https:\/\/www.caririemacao.com\/1\/2019\/05\/23\/divulgado-resultado-dos-candidatos-aptos-ao-sorteio-das-barracas-no-sao-joao-de-sume\/","title":{"rendered":"Divulgado resultado dos candidatos aptos ao sorteio das barracas no S\u00e3o Jo\u00e3o de Sum\u00e9"},"content":{"rendered":"\n<p><strong>CHAMAMENTO P\u00daBLICO N\u00ba 001\/2019 \u2013 S\u00c3O JO\u00c3O TRADI\u00c7\u00c3O<\/strong><\/p>\n\n\n\n<p><strong>CONCESS\u00c3O ONEROSA DE BARRACAS DAS FESTIVIDADES JUNINAS DO MUNIC\u00cdPIO DE SUM\u00c9<\/strong><\/p>\n\n\n\n<p>A&nbsp;<strong>COMISS\u00c3O DE ORGANIZA\u00c7\u00c3O<\/strong>, torna p\u00fablico, para conhecimento dos interessados, o resultado da an\u00e1lise de documenta\u00e7\u00e3o dos interessados no presente chamamento:<\/p>\n\n\n\n<p>O sorteio acontecer\u00e1 nesta sexta-feira (24\/05), \u00e0s 11h, na C\u00e2mara Municipal de Sum\u00e9.<\/p>\n\n\n\n<ul class=\"wp-block-list\"><li><strong>Concorrentes aptos ao sorteio<\/strong>:<\/li><\/ul>\n\n\n\n<table class=\"wp-block-table\"><tbody><tr><td><strong>N\u00ba. Inscri\u00e7\u00e3o<\/strong><\/td><td><strong>Nome<\/strong><\/td><\/tr><tr><td>6<\/td><td>KLISNA THAMYRES DA SILVA LEITE<\/td><\/tr><tr><td>9<\/td><td>ELOISA CARLA DA S. ROCHA<\/td><\/tr><tr><td>10<\/td><td>ANA PAULA DE AMORIM<\/td><\/tr><tr><td>11<\/td><td>RAFAEL QUARESMA DE FREITAS<\/td><\/tr><tr><td>12<\/td><td>MARIA ZUELANIA DE SOUSA<\/td><\/tr><tr><td>13<\/td><td>FL\u00c1VIO JEAN S. SOBRINHO<\/td><\/tr><tr><td>14<\/td><td>ULBIRAJARA N. V. COSTA<\/td><\/tr><tr><td>16<\/td><td>WILSON ROBSON B. ASSIS<\/td><\/tr><tr><td>17<\/td><td>ARACELY M. V. DE MELO<\/td><\/tr><tr><td>18<\/td><td>PEDRO L\u00caLA NETO<\/td><\/tr><tr><td>19<\/td><td>VALDILENE F. MACIEL DE SOUSA<\/td><\/tr><tr><td>20<\/td><td>EVANDRO DO CARMO DA SILVA<\/td><\/tr><tr><td>21<\/td><td>SILAS GABRIEL M. ARA\u00daJO<\/td><\/tr><tr><td>22<\/td><td>MARIA DANIELE MENDES FEITOSA<\/td><\/tr><tr><td>23<\/td><td>LEANDRO A. GRA\u00c7A<\/td><\/tr><tr><td>24<\/td><td>CHRISTOPHER D. MACIEL DUARTE<\/td><\/tr><tr><td>25<\/td><td>ROG\u00c9RIO DOS SANTOS<\/td><\/tr><tr><td>26<\/td><td>EDVALDO DA SILVA GOUVEIA<\/td><\/tr><tr><td>27<\/td><td>KASSIANA A SIQUEIRA<\/td><\/tr><tr><td>28<\/td><td>MICHELINE C. LIMA PEREIRA<\/td><\/tr><tr><td>32<\/td><td>ANG\u00c9LICA DA NOBREGA BEZERRA<\/td><\/tr><tr><td>34<\/td><td>SUELI FERREIRA DA N\u00d3BREGA BRAGA<\/td><\/tr><\/tbody><\/table>\n\n\n\n<ul class=\"wp-block-list\"><li>Concorrentes desclassificados (inaptos):<\/li><\/ul>\n\n\n\n<table class=\"wp-block-table\"><tbody><tr><td><strong>N\u00ba. Inscri\u00e7\u00e3o<\/strong><\/td><td><strong>Nome<\/strong><\/td><td><strong>Pend\u00eancia<\/strong><\/td><\/tr><tr><td>1<\/td><td>BARBARA COSTA DE FREITAS<\/td><td>Regularidade Fiscal e Trabalhista (Certid\u00f5es) e Declara\u00e7\u00e3o de Fato Impeditivo<\/td><\/tr><tr><td>2<\/td><td>RANIELTON FELIX FARIAS<\/td><td>Ficha de Inscri\u00e7\u00e3o e Regularidade Fiscal e Trabalhista (Certid\u00f5es)<\/td><\/tr><tr><td>3<\/td><td>MARIA ISABEL DA MOTA ALMEIDA<\/td><td>Regularidade Fiscal e Trabalhista (Certid\u00f5es)<\/td><\/tr><tr><td>4<\/td><td>MARIA L\u00daCIA DE OLIVEIRA ARA\u00daJO<\/td><td>Regularidade Fiscal e Trabalhista (Certid\u00f5es)<\/td><\/tr><tr><td>5<\/td><td>JULIANA MELO DA SILVA<\/td><td>Regularidade Fiscal e Trabalhista (Certid\u00f5es)<\/td><\/tr><tr><td>7<\/td><td>AFONSO MONTEIRO DA COSTA<\/td><td>Declara\u00e7\u00e3o de N\u00e3o Impedimento para Contratar com a Administra\u00e7\u00e3o P\u00fablica e Declara\u00e7\u00e3o de Elabora\u00e7\u00e3o Independente de Documenta\u00e7\u00e3o<\/td><\/tr><tr><td>8<\/td><td>VALDEMAR DOS SANTOS NASCIMENTO<\/td><td>Regularidade Fiscal e Trabalhista (Certid\u00f5es)<\/td><\/tr><tr><td>15<\/td><td>VALDEMIR DA SILVA<\/td><td>Certid\u00e3o Negativa de execu\u00e7\u00e3o patrimonial<\/td><\/tr><tr><td>29<\/td><td>RAYANE ROBERTA J. DA SILVA<\/td><td>Certid\u00e3o Negativa de execu\u00e7\u00e3o patrimonial<\/td><\/tr><tr><td>30<\/td><td>VALMIR DO NASCIMENTO SOUSA<\/td><td>Certid\u00e3o Negativa de execu\u00e7\u00e3o patrimonial<\/td><\/tr><tr><td>31<\/td><td>EMANUELA MARIZA DOS S. SILVA<\/td><td>Certid\u00e3o Negativa de execu\u00e7\u00e3o patrimonial<\/td><\/tr><tr><td>33<\/td><td>MARIA IRIS DO C\u00c9U MOTA SOUZA<\/td><td>Certid\u00e3o Negativa de execu\u00e7\u00e3o patrimonial, Ficha de Inscri\u00e7\u00e3o e Declara\u00e7\u00f5es<\/td><\/tr><\/tbody><\/table>\n\n\n\n<p>Ascom<\/p>\n","protected":false},"excerpt":{"rendered":"<p>CHAMAMENTO P\u00daBLICO N\u00ba 001\/2019 \u2013 S\u00c3O JO\u00c3O TRADI\u00c7\u00c3O CONCESS\u00c3O ONEROSA DE BARRACAS DAS FESTIVIDADES JUNINAS DO MUNIC\u00cdPIO DE SUM\u00c9 A&nbsp;COMISS\u00c3O DE ORGANIZA\u00c7\u00c3O, torna p\u00fablico, para&hellip; <\/p>\n","protected":false},"author":1,"featured_media":52105,"comment_status":"closed","ping_status":"closed","sticky":false,"template":"","format":"standard","meta":{"sfsi_plus_gutenberg_text_before_share":"","sfsi_plus_gutenberg_show_text_before_share":"","sfsi_plus_gutenberg_icon_type":"","sfsi_plus_gutenberg_icon_alignemt":"","sfsi_plus_gutenburg_max_per_row":"","footnotes":""},"categories":[6],"tags":[],"class_list":["post-96159","post","type-post","status-publish","format-standard","has-post-thumbnail","hentry","category-cidades"],"_links":{"self":[{"href":"https:\/\/www.caririemacao.com\/1\/wp-json\/wp\/v2\/posts\/96159","targetHints":{"allow":["GET"]}}],"collection":[{"href":"https:\/\/www.caririemacao.com\/1\/wp-json\/wp\/v2\/posts"}],"about":[{"href":"https:\/\/www.caririemacao.com\/1\/wp-json\/wp\/v2\/types\/post"}],"author":[{"embeddable":true,"href":"https:\/\/www.caririemacao.com\/1\/wp-json\/wp\/v2\/users\/1"}],"replies":[{"embeddable":true,"href":"https:\/\/www.caririemacao.com\/1\/wp-json\/wp\/v2\/comments?post=96159"}],"version-history":[{"count":1,"href":"https:\/\/www.caririemacao.com\/1\/wp-json\/wp\/v2\/posts\/96159\/revisions"}],"predecessor-version":[{"id":96160,"href":"https:\/\/www.caririemacao.com\/1\/wp-json\/wp\/v2\/posts\/96159\/revisions\/96160"}],"wp:featuredmedia":[{"embeddable":true,"href":"https:\/\/www.caririemacao.com\/1\/wp-json\/wp\/v2\/media\/52105"}],"wp:attachment":[{"href":"https:\/\/www.caririemacao.com\/1\/wp-json\/wp\/v2\/media?parent=96159"}],"wp:term":[{"taxonomy":"category","embeddable":true,"href":"https:\/\/www.caririemacao.com\/1\/wp-json\/wp\/v2\/categories?post=96159"},{"taxonomy":"post_tag","embeddable":true,"href":"https:\/\/www.caririemacao.com\/1\/wp-json\/wp\/v2\/tags?post=96159"}],"curies":[{"name":"wp","href":"https:\/\/api.w.org\/{rel}","templated":true}]}}