{"id":96161,"date":"2019-05-23T11:18:05","date_gmt":"2019-05-23T14:18:05","guid":{"rendered":"http:\/\/www.caririemacao.com\/1\/?p=96161"},"modified":"2019-05-23T11:18:05","modified_gmt":"2019-05-23T14:18:05","slug":"conferencia-municipal-do-idoso-debate-os-desafios-de-envelhecer-no-seculo-xxi","status":"publish","type":"post","link":"https:\/\/www.caririemacao.com\/1\/2019\/05\/23\/conferencia-municipal-do-idoso-debate-os-desafios-de-envelhecer-no-seculo-xxi\/","title":{"rendered":"Confer\u00eancia Municipal do Idoso debate \u2018Os desafios de envelhecer no s\u00e9culo XXI\u2019"},"content":{"rendered":"\n<p><strong>A Secret\u00e1ria de Assist\u00eancia Social de Prata&nbsp; promove nesta quarta-feira, 25,&nbsp; a 1\u00b0 Confer\u00eancia Municipal dos Direitos da pessoa idosa que tem como objetivo propiciar a reflex\u00e3o e a discuss\u00e3o sobre os desafios de envelhecer no s\u00e9culo XXI e o papel das pol\u00edticas p\u00fablicas como tamb\u00e9m buscar estrat\u00e9gia na garantia dos direitos da pessoa idosa, como tamb\u00e9m, indentificar as a\u00e7\u00f5es desenvolvidas no munic\u00edpio acerca da promo\u00e7\u00e3o e defesa dos direitos desses idosos.<\/strong><br><\/p>\n\n\n\n<figure class=\"wp-block-image is-resized\"><a href=\"https:\/\/1.bp.blogspot.com\/-Sv2u64kWsV8\/XOVN_HPD9LI\/AAAAAAABSe8\/JZRIhnkt7jcUmAt9DnHK0cBmY1gCU3UvACLcBGAs\/s1600\/IMG_20190522_101635_104.jpg\"><img fetchpriority=\"high\" decoding=\"async\" src=\"https:\/\/1.bp.blogspot.com\/-Sv2u64kWsV8\/XOVN_HPD9LI\/AAAAAAABSe8\/JZRIhnkt7jcUmAt9DnHK0cBmY1gCU3UvACLcBGAs\/s320\/IMG_20190522_101635_104.jpg\" alt=\"\" width=\"391\" height=\"391\"\/><\/a><\/figure>\n\n\n\n<figure class=\"wp-block-image is-resized\"><a href=\"https:\/\/2.bp.blogspot.com\/-c5lR3yHfhsg\/XOVOCv8xqpI\/AAAAAAABSfE\/Uhdc2x-TLS01kRpieI2d9ceXmRPWdnIMACLcBGAs\/s1600\/IMG-20190522-WA0049.jpg\"><img decoding=\"async\" data-src=\"https:\/\/2.bp.blogspot.com\/-c5lR3yHfhsg\/XOVOCv8xqpI\/AAAAAAABSfE\/Uhdc2x-TLS01kRpieI2d9ceXmRPWdnIMACLcBGAs\/s320\/IMG-20190522-WA0049.jpg\" alt=\"\" width=\"401\" height=\"301\" src=\"data:image\/svg+xml;base64,PHN2ZyB3aWR0aD0iMSIgaGVpZ2h0PSIxIiB4bWxucz0iaHR0cDovL3d3dy53My5vcmcvMjAwMC9zdmciPjwvc3ZnPg==\" class=\"lazyload\" style=\"--smush-placeholder-width: 401px; --smush-placeholder-aspect-ratio: 401\/301;\" \/><\/a><\/figure>\n\n\n\n<figure class=\"wp-block-image is-resized\"><a href=\"https:\/\/3.bp.blogspot.com\/-vt-NHTk5wuo\/XOVOFe41O6I\/AAAAAAABSfI\/idHbLsA4Bs4vqzFbxXYHVbllOhv6lhzCACLcBGAs\/s1600\/IMG-20190522-WA0045.jpg\"><img decoding=\"async\" data-src=\"https:\/\/3.bp.blogspot.com\/-vt-NHTk5wuo\/XOVOFe41O6I\/AAAAAAABSfI\/idHbLsA4Bs4vqzFbxXYHVbllOhv6lhzCACLcBGAs\/s320\/IMG-20190522-WA0045.jpg\" alt=\"\" width=\"444\" height=\"334\" src=\"data:image\/svg+xml;base64,PHN2ZyB3aWR0aD0iMSIgaGVpZ2h0PSIxIiB4bWxucz0iaHR0cDovL3d3dy53My5vcmcvMjAwMC9zdmciPjwvc3ZnPg==\" class=\"lazyload\" style=\"--smush-placeholder-width: 444px; --smush-placeholder-aspect-ratio: 444\/334;\" \/><\/a><\/figure>\n\n\n\n<figure class=\"wp-block-image is-resized\"><a href=\"https:\/\/3.bp.blogspot.com\/-kWHpoMAWbLA\/XOVOJsDjtvI\/AAAAAAABSfM\/zMrY3M0AU-UBCAJxehQlpGBmh5-AjiLNACLcBGAs\/s1600\/IMG-20190522-WA0053.jpg\"><img decoding=\"async\" data-src=\"https:\/\/3.bp.blogspot.com\/-kWHpoMAWbLA\/XOVOJsDjtvI\/AAAAAAABSfM\/zMrY3M0AU-UBCAJxehQlpGBmh5-AjiLNACLcBGAs\/s320\/IMG-20190522-WA0053.jpg\" alt=\"\" width=\"491\" height=\"276\" src=\"data:image\/svg+xml;base64,PHN2ZyB3aWR0aD0iMSIgaGVpZ2h0PSIxIiB4bWxucz0iaHR0cDovL3d3dy53My5vcmcvMjAwMC9zdmciPjwvc3ZnPg==\" class=\"lazyload\" style=\"--smush-placeholder-width: 491px; --smush-placeholder-aspect-ratio: 491\/276;\" \/><\/a><\/figure>\n\n\n\n<p><br><\/p>\n","protected":false},"excerpt":{"rendered":"<p>A Secret\u00e1ria de Assist\u00eancia Social de Prata&nbsp; promove nesta quarta-feira, 25,&nbsp; a 1\u00b0 Confer\u00eancia Municipal dos Direitos da pessoa idosa que tem como objetivo propiciar&hellip; <\/p>\n","protected":false},"author":1,"featured_media":96162,"comment_status":"closed","ping_status":"closed","sticky":false,"template":"","format":"standard","meta":{"sfsi_plus_gutenberg_text_before_share":"","sfsi_plus_gutenberg_show_text_before_share":"","sfsi_plus_gutenberg_icon_type":"","sfsi_plus_gutenberg_icon_alignemt":"","sfsi_plus_gutenburg_max_per_row":"","footnotes":""},"categories":[6],"tags":[],"class_list":["post-96161","post","type-post","status-publish","format-standard","has-post-thumbnail","hentry","category-cidades"],"_links":{"self":[{"href":"https:\/\/www.caririemacao.com\/1\/wp-json\/wp\/v2\/posts\/96161","targetHints":{"allow":["GET"]}}],"collection":[{"href":"https:\/\/www.caririemacao.com\/1\/wp-json\/wp\/v2\/posts"}],"about":[{"href":"https:\/\/www.caririemacao.com\/1\/wp-json\/wp\/v2\/types\/post"}],"author":[{"embeddable":true,"href":"https:\/\/www.caririemacao.com\/1\/wp-json\/wp\/v2\/users\/1"}],"replies":[{"embeddable":true,"href":"https:\/\/www.caririemacao.com\/1\/wp-json\/wp\/v2\/comments?post=96161"}],"version-history":[{"count":1,"href":"https:\/\/www.caririemacao.com\/1\/wp-json\/wp\/v2\/posts\/96161\/revisions"}],"predecessor-version":[{"id":96163,"href":"https:\/\/www.caririemacao.com\/1\/wp-json\/wp\/v2\/posts\/96161\/revisions\/96163"}],"wp:featuredmedia":[{"embeddable":true,"href":"https:\/\/www.caririemacao.com\/1\/wp-json\/wp\/v2\/media\/96162"}],"wp:attachment":[{"href":"https:\/\/www.caririemacao.com\/1\/wp-json\/wp\/v2\/media?parent=96161"}],"wp:term":[{"taxonomy":"category","embeddable":true,"href":"https:\/\/www.caririemacao.com\/1\/wp-json\/wp\/v2\/categories?post=96161"},{"taxonomy":"post_tag","embeddable":true,"href":"https:\/\/www.caririemacao.com\/1\/wp-json\/wp\/v2\/tags?post=96161"}],"curies":[{"name":"wp","href":"https:\/\/api.w.org\/{rel}","templated":true}]}}