{"id":96165,"date":"2019-05-23T12:09:40","date_gmt":"2019-05-23T15:09:40","guid":{"rendered":"http:\/\/www.caririemacao.com\/1\/?p=96165"},"modified":"2019-05-23T12:09:40","modified_gmt":"2019-05-23T15:09:40","slug":"governo-defende-entrada-automatica-de-jovem-no-regime-de-capitalizacao","status":"publish","type":"post","link":"https:\/\/www.caririemacao.com\/1\/2019\/05\/23\/governo-defende-entrada-automatica-de-jovem-no-regime-de-capitalizacao\/","title":{"rendered":"Governo defende entrada autom\u00e1tica de jovem no regime de capitaliza\u00e7\u00e3o"},"content":{"rendered":"\n<p>Integrantes da equipe econ\u00f4mica do governo Jair Bolsonaro (PSL) defendem que a proposta da reforma da Previd\u00eancia seja alterada para que o jovem, ao ingressar no mercado de trabalho, j\u00e1 fa\u00e7a parte do regime de capitaliza\u00e7\u00e3o.<\/p>\n\n\n\n<p>O trabalhador teria um prazo para, se preferir o atual sistema de reparti\u00e7\u00e3o, poder trocar. Nesse regime, quem est\u00e1 no mercado de trabalho financia aposentadorias e pens\u00f5es de inativos.<\/p>\n\n\n\n<p>O ministro da Economia, Paulo Guedes, prop\u00f5e o sistema de capitaliza\u00e7\u00e3o. Nele, cada trabalhador faz a pr\u00f3pria poupan\u00e7a para a aposentadoria.<\/p>\n\n\n\n<p>Pela proposta em discuss\u00e3o na equipe econ\u00f4mica, o jovem teria de tomar a iniciativa de mudar para o modelo atual, em vez de fazer a op\u00e7\u00e3o no momento em que consegue o primeiro emprego, como est\u00e1 previsto no texto enviado ao Congresso em fevereiro.<\/p>\n\n\n\n<p>A ideia foi apresentada pela Abrapp (Associa\u00e7\u00e3o Brasileira dos Fundos de Pens\u00e3o), mas tem o apoio do governo.<\/p>\n\n\n\n<p>O relator da reforma da Previd\u00eancia, Samuel Moreira (PSDB-SP), disse que vai estudar o assunto. \u201cAinda preciso analisar a sugest\u00e3o\u201d, afirma.<\/p>\n\n\n\n<p>A capitaliza\u00e7\u00e3o tem sofrido cr\u00edticas de deputados da oposi\u00e7\u00e3o e de partidos independentes ao governo.<\/p>\n\n\n\n<p>Por ser uma mudan\u00e7a na Constitui\u00e7\u00e3o, a reforma da Previd\u00eancia encaminhada pelo governo d\u00e1 apenas as diretrizes para que o novo modelo previdenci\u00e1rio seja criado.<\/p>\n\n\n\n<p>Demais regras, como al\u00edquota a ser paga para acumular a poupan\u00e7a para aposentadoria, devem ser apresentadas em projeto de lei a ser finalizado pela equipe econ\u00f4mica ap\u00f3s o Congresso aprovar a reforma.<\/p>\n\n\n\n<p>A sugest\u00e3o da Abrapp, em discuss\u00e3o pelos t\u00e9cnicos do Minist\u00e9rio da Economia e pela equipe de Moreira, criaria a chamada ades\u00e3o autom\u00e1tica.<\/p>\n\n\n\n<p>Por esse mecanismo, o trabalhador ainda poderia fazer a escolha entre os dois modelos. Por isso, a capitaliza\u00e7\u00e3o n\u00e3o seria obrigat\u00f3ria.<\/p>\n\n\n\n<p>O jovem, por\u00e9m, j\u00e1 come\u00e7aria a vida laboral no sistema defendido por Guedes, podendo trocar nos primeiros meses.<\/p>\n\n\n\n<p>A reforma da Previd\u00eancia de Bolsonaro prev\u00ea que a participa\u00e7\u00e3o do regime de contas individuais \u00e9 optativa e tamb\u00e9m n\u00e3o determina que o patr\u00e3o contribua para a aposentadoria do empregado.<\/p>\n\n\n\n<p>Sem informa\u00e7\u00f5es detalhadas de como poderia ser o novo modelo de Previd\u00eancia, deputados resistem a aprovar a cria\u00e7\u00e3o da capitaliza\u00e7\u00e3o.<\/p>\n\n\n\n<p>O presidente da comiss\u00e3o especial da reforma da Previd\u00eancia, Marcelo Ramos (PR-AM), por exemplo, diz acreditar que essa parte da proposta da reforma ser\u00e1 derrubada.<\/p>\n\n\n\n<p>Para tentar aprovar o novo sistema, Guedes sugere que o regime passe a ser chamado de poupan\u00e7a garantida, em vez de capitaliza\u00e7\u00e3o -nome que tem sido relacionado a bancos e institui\u00e7\u00f5es financeiras.<\/p>\n\n\n\n<p>Al\u00e9m disso, a equipe econ\u00f4mica avalia apresentar, na pr\u00f3xima semana, simula\u00e7\u00f5es de como poderia ser o novo sistema.<\/p>\n\n\n\n<p>Um dos exemplos deve prever que o empregado contribua com 11% e o patr\u00e3o tamb\u00e9m deposite o mesmo percentual.<\/p>\n\n\n\n<p>Em um cen\u00e1rio de juros est\u00e1veis, como o atual, e com essas al\u00edquotas, integrantes da equipe econ\u00f4mica avaliam ser suficiente para que o trabalhador fa\u00e7a uma poupan\u00e7a capaz de bancar a aposentadoria.<\/p>\n\n\n\n<p>T\u00e9cnicos, no entanto, trabalham com outras hip\u00f3teses, como uma contribui\u00e7\u00e3o de 7,5% do sal\u00e1rio.<\/p>\n\n\n\n<p>Moreira quer que a contribui\u00e7\u00e3o patronal seja obrigat\u00f3ria caso o Congresso venha a aprovar a cria\u00e7\u00e3o do novo sistema previdenci\u00e1rio.<\/p>\n\n\n\n<p>O percentual a ser cobrado s\u00f3 deve ser previsto no projeto de lei que ser\u00e1 enviado pelo governo futuramente, que ainda n\u00e3o tem data para acontecer.<\/p>\n\n\n\n<p>O governo quer que a reforma da Previd\u00eancia gere uma economia de mais de R$ 1 trilh\u00e3o para combater o rombo nas contas p\u00fablicas. Com isso, haver\u00e1 a possibilidade de se apresentar a capitaliza\u00e7\u00e3o.<\/p>\n\n\n\n<p>Nesse texto, a equipe econ\u00f4mica dever\u00e1 tamb\u00e9m detalhar como ser\u00e3o bancados benef\u00edcios como aux\u00edlio-doen\u00e7a e aux\u00edlio-acidente.<\/p>\n\n\n\n<p>No atual sistema de reparti\u00e7\u00e3o, trabalhadores que contribuem ao INSS (Instituto Nacional do Seguro Social) t\u00eam direito a essa prote\u00e7\u00e3o em caso de enfermidades e acidentes, por exemplo.<\/p>\n\n\n\n<p>Para financiar esses aux\u00edlios no modelo de capitaliza\u00e7\u00e3o, uma parcela da contribui\u00e7\u00e3o mensal do trabalhador e do patr\u00e3o deve ser direcionada para um fundo com essa finalidade espec\u00edfica.<\/p>\n\n\n\n<p>Essa op\u00e7\u00e3o, segundo t\u00e9cnicos da equipe de Guedes, seria mais vantajosa para grandes entidades -respons\u00e1veis pela gest\u00e3o dos recursos de aposentadoria de muitos trabalhadores.<\/p>\n\n\n\n<p>A op\u00e7\u00e3o para entidades menores poderia ser contratar uma empresa de seguros, que bancaria o&nbsp;aux\u00edlio em caso de doen\u00e7a e acidente.<\/p>\n","protected":false},"excerpt":{"rendered":"<p>Integrantes da equipe econ\u00f4mica do governo Jair Bolsonaro (PSL) defendem que a proposta da reforma da Previd\u00eancia seja alterada para que o jovem, ao ingressar&hellip; <\/p>\n","protected":false},"author":1,"featured_media":96062,"comment_status":"closed","ping_status":"closed","sticky":false,"template":"","format":"standard","meta":{"sfsi_plus_gutenberg_text_before_share":"","sfsi_plus_gutenberg_show_text_before_share":"","sfsi_plus_gutenberg_icon_type":"","sfsi_plus_gutenberg_icon_alignemt":"","sfsi_plus_gutenburg_max_per_row":"","footnotes":""},"categories":[11],"tags":[],"class_list":["post-96165","post","type-post","status-publish","format-standard","has-post-thumbnail","hentry","category-politica"],"_links":{"self":[{"href":"https:\/\/www.caririemacao.com\/1\/wp-json\/wp\/v2\/posts\/96165","targetHints":{"allow":["GET"]}}],"collection":[{"href":"https:\/\/www.caririemacao.com\/1\/wp-json\/wp\/v2\/posts"}],"about":[{"href":"https:\/\/www.caririemacao.com\/1\/wp-json\/wp\/v2\/types\/post"}],"author":[{"embeddable":true,"href":"https:\/\/www.caririemacao.com\/1\/wp-json\/wp\/v2\/users\/1"}],"replies":[{"embeddable":true,"href":"https:\/\/www.caririemacao.com\/1\/wp-json\/wp\/v2\/comments?post=96165"}],"version-history":[{"count":1,"href":"https:\/\/www.caririemacao.com\/1\/wp-json\/wp\/v2\/posts\/96165\/revisions"}],"predecessor-version":[{"id":96166,"href":"https:\/\/www.caririemacao.com\/1\/wp-json\/wp\/v2\/posts\/96165\/revisions\/96166"}],"wp:featuredmedia":[{"embeddable":true,"href":"https:\/\/www.caririemacao.com\/1\/wp-json\/wp\/v2\/media\/96062"}],"wp:attachment":[{"href":"https:\/\/www.caririemacao.com\/1\/wp-json\/wp\/v2\/media?parent=96165"}],"wp:term":[{"taxonomy":"category","embeddable":true,"href":"https:\/\/www.caririemacao.com\/1\/wp-json\/wp\/v2\/categories?post=96165"},{"taxonomy":"post_tag","embeddable":true,"href":"https:\/\/www.caririemacao.com\/1\/wp-json\/wp\/v2\/tags?post=96165"}],"curies":[{"name":"wp","href":"https:\/\/api.w.org\/{rel}","templated":true}]}}