{"id":96176,"date":"2019-05-23T12:18:53","date_gmt":"2019-05-23T15:18:53","guid":{"rendered":"http:\/\/www.caririemacao.com\/1\/?p=96176"},"modified":"2019-05-23T12:18:53","modified_gmt":"2019-05-23T15:18:53","slug":"policia-civil-conclui-investigacao-que-apurou-serie-de-roubos-em-monteiro","status":"publish","type":"post","link":"https:\/\/www.caririemacao.com\/1\/2019\/05\/23\/policia-civil-conclui-investigacao-que-apurou-serie-de-roubos-em-monteiro\/","title":{"rendered":"Pol\u00edcia Civil conclui investiga\u00e7\u00e3o que apurou s\u00e9rie de roubos em Monteiro"},"content":{"rendered":"\n<p>A Pol\u00edcia Civil, por interm\u00e9dio do Grupo T\u00e1tico Especial \u2013 GTE\/14 DSPC\/MONTEIRO, concluiu o procedimento policial que apurou uma s\u00e9rie de roubos ocorrido no m\u00eas passado, no munic\u00edpio de Monteiro, no Cariri paraibano, tendo sido v\u00edtimas dos criminosos, estabelecimentos comerciais como: mercadinho, farm\u00e1cia, posto de combust\u00edvel, uma lanchonete (que comercializa produtos derivados de a\u00e7a\u00ed), e ainda a propriet\u00e1ria de um frigor\u00edfico local.<\/p>\n\n\n\n<p>No caso da lanchonete que comercializa a\u00e7a\u00ed, roubo ocorrido no dia 21\/04, as imagens do circuito interno de c\u00e2meras foram veiculadas em diversos meios de imprensa, at\u00e9 fora de nosso Estado.<\/p>\n\n\n\n<p>A dupla, que sempre agia armada, com um rev\u00f3lver, e em uma motocicleta Honda de cor vermelha, tinha uma marca registrada, que era o uso de m\u00e1scaras de Salvador Dali (que se popularizaram com o advento da s\u00e9rie\/filme La Casa de Papel).<\/p>\n\n\n\n<p>Tanto as imagens de circuito interno de c\u00e2meras, quanto as dezenas de depoimentos colhidos, contribu\u00edram para a identifica\u00e7\u00e3o dos autores. Um deles, menor de 16 (dezesseis) anos e residente em Monteiro, confessou os atos infracionais e j\u00e1 se encontra recolhido no Lar do Garoto, em Campina Grande (havia sido apreendido pela Pol\u00edcia Militar por porte ilegal de arma).<\/p>\n\n\n\n<p>J\u00e1 o segundo investigado, de 19 anos, encontra-se foragido, com pris\u00e3o preventiva decretada.<\/p>\n\n\n\n<div class=\"wp-block-image\"><figure class=\"aligncenter\"><img decoding=\"async\" data-src=\"https:\/\/i0.wp.com\/www.vitrinedocariri.com.br\/wp-content\/uploads\/2019\/05\/003-8.jpeg?zoom=2&amp;resize=330%2C440&amp;ssl=1\" alt=\"\" class=\"wp-image-44420 lazyload\" src=\"data:image\/svg+xml;base64,PHN2ZyB3aWR0aD0iMSIgaGVpZ2h0PSIxIiB4bWxucz0iaHR0cDovL3d3dy53My5vcmcvMjAwMC9zdmciPjwvc3ZnPg==\" \/><\/figure><\/div>\n","protected":false},"excerpt":{"rendered":"<p>A Pol\u00edcia Civil, por interm\u00e9dio do Grupo T\u00e1tico Especial \u2013 GTE\/14 DSPC\/MONTEIRO, concluiu o procedimento policial que apurou uma s\u00e9rie de roubos ocorrido no m\u00eas&hellip; <\/p>\n","protected":false},"author":1,"featured_media":96177,"comment_status":"closed","ping_status":"closed","sticky":false,"template":"","format":"standard","meta":{"sfsi_plus_gutenberg_text_before_share":"","sfsi_plus_gutenberg_show_text_before_share":"","sfsi_plus_gutenberg_icon_type":"","sfsi_plus_gutenberg_icon_alignemt":"","sfsi_plus_gutenburg_max_per_row":"","footnotes":""},"categories":[50,12],"tags":[],"class_list":["post-96176","post","type-post","status-publish","format-standard","has-post-thumbnail","hentry","category-destaque","category-policia"],"_links":{"self":[{"href":"https:\/\/www.caririemacao.com\/1\/wp-json\/wp\/v2\/posts\/96176","targetHints":{"allow":["GET"]}}],"collection":[{"href":"https:\/\/www.caririemacao.com\/1\/wp-json\/wp\/v2\/posts"}],"about":[{"href":"https:\/\/www.caririemacao.com\/1\/wp-json\/wp\/v2\/types\/post"}],"author":[{"embeddable":true,"href":"https:\/\/www.caririemacao.com\/1\/wp-json\/wp\/v2\/users\/1"}],"replies":[{"embeddable":true,"href":"https:\/\/www.caririemacao.com\/1\/wp-json\/wp\/v2\/comments?post=96176"}],"version-history":[{"count":1,"href":"https:\/\/www.caririemacao.com\/1\/wp-json\/wp\/v2\/posts\/96176\/revisions"}],"predecessor-version":[{"id":96178,"href":"https:\/\/www.caririemacao.com\/1\/wp-json\/wp\/v2\/posts\/96176\/revisions\/96178"}],"wp:featuredmedia":[{"embeddable":true,"href":"https:\/\/www.caririemacao.com\/1\/wp-json\/wp\/v2\/media\/96177"}],"wp:attachment":[{"href":"https:\/\/www.caririemacao.com\/1\/wp-json\/wp\/v2\/media?parent=96176"}],"wp:term":[{"taxonomy":"category","embeddable":true,"href":"https:\/\/www.caririemacao.com\/1\/wp-json\/wp\/v2\/categories?post=96176"},{"taxonomy":"post_tag","embeddable":true,"href":"https:\/\/www.caririemacao.com\/1\/wp-json\/wp\/v2\/tags?post=96176"}],"curies":[{"name":"wp","href":"https:\/\/api.w.org\/{rel}","templated":true}]}}