{"id":96180,"date":"2019-05-23T12:22:53","date_gmt":"2019-05-23T15:22:53","guid":{"rendered":"http:\/\/www.caririemacao.com\/1\/?p=96180"},"modified":"2019-05-23T12:22:53","modified_gmt":"2019-05-23T15:22:53","slug":"gurjao-lancamento-oficial-do-bode-na-rua-2019-acontece-neste-sabado","status":"publish","type":"post","link":"https:\/\/www.caririemacao.com\/1\/2019\/05\/23\/gurjao-lancamento-oficial-do-bode-na-rua-2019-acontece-neste-sabado\/","title":{"rendered":"GURJ\u00c3O: Lan\u00e7amento oficial do Bode na Rua 2019 acontece neste s\u00e1bado"},"content":{"rendered":"\n<p>A Prefeitura Municipal de Gurj\u00e3o vai realizar no pr\u00f3ximo s\u00e1bado, dia 25 de maio, o lan\u00e7amento oficial da 20\u00aa edi\u00e7\u00e3o da festa \u201cBode na Rua\u201d. O lan\u00e7amento j\u00e1 \u00e9 aguardado ansiosamente por toda a popula\u00e7\u00e3o da regi\u00e3o e ser\u00e1 realizada&nbsp;na Creche Municipal Maria Graciete Ramos Castro, tendo inicio \u00e1s 09 da manh\u00e3.<\/p>\n\n\n\n<p>A festa \u00e9 considerada uma das mais tradicionais eventos de caprinovinocultura do Brasil, onde j\u00e1 faz parte do calend\u00e1rio tur\u00edstico da Para\u00edba e acontecer\u00e1 neste ano, entre os dias 18 a 21 de julho.<\/p>\n\n\n\n<p>Segundo o prefeito Ronaldo Queiroz, a cidade aguarda todo o ano pelo evento de lan\u00e7amento, quando todos ficam sabendo quais atra\u00e7\u00f5es animar\u00e3o a festa, al\u00e9m das inova\u00e7\u00f5es que a cada ano s\u00e3o implantadas dentro do evento.<\/p>\n\n\n\n<p>\u201cChegamos a 20\u00aa edi\u00e7\u00e3o desse evento \u00e9 a cara do nosso povo , a caprinocultura brasileira volta toda a sua aten\u00e7\u00e3o para nossa cidade e todo ano tentamos ao m\u00e1ximo mudar nossa festa a cada ano , desde quando assumimos a gest\u00e3o da cidade colocamos as festas gratuitas e abertas para toda a popula\u00e7\u00e3o. Estamos valorizando e revitalizando a expofeira e em 2019 n\u00e3o ser\u00e1 diferente , s\u00e1bado vamos mostrar as novidades da festa e o an\u00fancio das atra\u00e7\u00f5es musicais que ir\u00e3o abrilhantar o nosso evento\u201d, falou Ronaldo Queiroz.<\/p>\n\n\n\n<p><em>Com Ascom PMG<\/em><\/p>\n","protected":false},"excerpt":{"rendered":"<p>A Prefeitura Municipal de Gurj\u00e3o vai realizar no pr\u00f3ximo s\u00e1bado, dia 25 de maio, o lan\u00e7amento oficial da 20\u00aa edi\u00e7\u00e3o da festa \u201cBode na Rua\u201d.&hellip; <\/p>\n","protected":false},"author":1,"featured_media":96181,"comment_status":"closed","ping_status":"closed","sticky":false,"template":"","format":"standard","meta":{"sfsi_plus_gutenberg_text_before_share":"","sfsi_plus_gutenberg_show_text_before_share":"","sfsi_plus_gutenberg_icon_type":"","sfsi_plus_gutenberg_icon_alignemt":"","sfsi_plus_gutenburg_max_per_row":"","footnotes":""},"categories":[50,2],"tags":[],"class_list":["post-96180","post","type-post","status-publish","format-standard","has-post-thumbnail","hentry","category-destaque","category-geral"],"_links":{"self":[{"href":"https:\/\/www.caririemacao.com\/1\/wp-json\/wp\/v2\/posts\/96180","targetHints":{"allow":["GET"]}}],"collection":[{"href":"https:\/\/www.caririemacao.com\/1\/wp-json\/wp\/v2\/posts"}],"about":[{"href":"https:\/\/www.caririemacao.com\/1\/wp-json\/wp\/v2\/types\/post"}],"author":[{"embeddable":true,"href":"https:\/\/www.caririemacao.com\/1\/wp-json\/wp\/v2\/users\/1"}],"replies":[{"embeddable":true,"href":"https:\/\/www.caririemacao.com\/1\/wp-json\/wp\/v2\/comments?post=96180"}],"version-history":[{"count":1,"href":"https:\/\/www.caririemacao.com\/1\/wp-json\/wp\/v2\/posts\/96180\/revisions"}],"predecessor-version":[{"id":96182,"href":"https:\/\/www.caririemacao.com\/1\/wp-json\/wp\/v2\/posts\/96180\/revisions\/96182"}],"wp:featuredmedia":[{"embeddable":true,"href":"https:\/\/www.caririemacao.com\/1\/wp-json\/wp\/v2\/media\/96181"}],"wp:attachment":[{"href":"https:\/\/www.caririemacao.com\/1\/wp-json\/wp\/v2\/media?parent=96180"}],"wp:term":[{"taxonomy":"category","embeddable":true,"href":"https:\/\/www.caririemacao.com\/1\/wp-json\/wp\/v2\/categories?post=96180"},{"taxonomy":"post_tag","embeddable":true,"href":"https:\/\/www.caririemacao.com\/1\/wp-json\/wp\/v2\/tags?post=96180"}],"curies":[{"name":"wp","href":"https:\/\/api.w.org\/{rel}","templated":true}]}}