{"id":96188,"date":"2019-05-23T12:39:54","date_gmt":"2019-05-23T15:39:54","guid":{"rendered":"http:\/\/www.caririemacao.com\/1\/?p=96188"},"modified":"2019-05-23T12:39:54","modified_gmt":"2019-05-23T15:39:54","slug":"ex-governador-ricardo-coutinho-visita-lula-em-curitiba-nesta-quinta","status":"publish","type":"post","link":"https:\/\/www.caririemacao.com\/1\/2019\/05\/23\/ex-governador-ricardo-coutinho-visita-lula-em-curitiba-nesta-quinta\/","title":{"rendered":"Ex-governador Ricardo Coutinho visita Lula, em Curitiba, nesta quinta"},"content":{"rendered":"\n<p>O ex-governador da Para\u00edba e presidente da Funda\u00e7\u00e3o Jo\u00e3o Mangabeira, Ricardo Coutinho, visitar\u00e1 o ex-presidente Lula, nesta quinta-feira (23), na carceragem da Pol\u00edcia Federal, em Curitiba.<\/p>\n\n\n\n<p>Ricardo vai visitar Lula acompanhado do presidente nacional do PDT, Carlos Lupi.<\/p>\n\n\n\n<p><strong>Blog do Bruno Lira<\/strong><\/p>\n","protected":false},"excerpt":{"rendered":"<p>O ex-governador da Para\u00edba e presidente da Funda\u00e7\u00e3o Jo\u00e3o Mangabeira, Ricardo Coutinho, visitar\u00e1 o ex-presidente Lula, nesta quinta-feira (23), na carceragem da Pol\u00edcia Federal, em&hellip; <\/p>\n","protected":false},"author":1,"featured_media":96189,"comment_status":"closed","ping_status":"closed","sticky":false,"template":"","format":"standard","meta":{"sfsi_plus_gutenberg_text_before_share":"","sfsi_plus_gutenberg_show_text_before_share":"","sfsi_plus_gutenberg_icon_type":"","sfsi_plus_gutenberg_icon_alignemt":"","sfsi_plus_gutenburg_max_per_row":"","footnotes":""},"categories":[50,11],"tags":[],"class_list":["post-96188","post","type-post","status-publish","format-standard","has-post-thumbnail","hentry","category-destaque","category-politica"],"_links":{"self":[{"href":"https:\/\/www.caririemacao.com\/1\/wp-json\/wp\/v2\/posts\/96188","targetHints":{"allow":["GET"]}}],"collection":[{"href":"https:\/\/www.caririemacao.com\/1\/wp-json\/wp\/v2\/posts"}],"about":[{"href":"https:\/\/www.caririemacao.com\/1\/wp-json\/wp\/v2\/types\/post"}],"author":[{"embeddable":true,"href":"https:\/\/www.caririemacao.com\/1\/wp-json\/wp\/v2\/users\/1"}],"replies":[{"embeddable":true,"href":"https:\/\/www.caririemacao.com\/1\/wp-json\/wp\/v2\/comments?post=96188"}],"version-history":[{"count":1,"href":"https:\/\/www.caririemacao.com\/1\/wp-json\/wp\/v2\/posts\/96188\/revisions"}],"predecessor-version":[{"id":96190,"href":"https:\/\/www.caririemacao.com\/1\/wp-json\/wp\/v2\/posts\/96188\/revisions\/96190"}],"wp:featuredmedia":[{"embeddable":true,"href":"https:\/\/www.caririemacao.com\/1\/wp-json\/wp\/v2\/media\/96189"}],"wp:attachment":[{"href":"https:\/\/www.caririemacao.com\/1\/wp-json\/wp\/v2\/media?parent=96188"}],"wp:term":[{"taxonomy":"category","embeddable":true,"href":"https:\/\/www.caririemacao.com\/1\/wp-json\/wp\/v2\/categories?post=96188"},{"taxonomy":"post_tag","embeddable":true,"href":"https:\/\/www.caririemacao.com\/1\/wp-json\/wp\/v2\/tags?post=96188"}],"curies":[{"name":"wp","href":"https:\/\/api.w.org\/{rel}","templated":true}]}}