{"id":96196,"date":"2019-05-23T13:30:04","date_gmt":"2019-05-23T16:30:04","guid":{"rendered":"http:\/\/www.caririemacao.com\/1\/?p=96196"},"modified":"2019-05-23T13:30:04","modified_gmt":"2019-05-23T16:30:04","slug":"policia-conclui-investigacao-de-serie-de-roubos-em-monteiro-dupla-atuava-com-mascaras-de-la-casa-de-papel","status":"publish","type":"post","link":"https:\/\/www.caririemacao.com\/1\/2019\/05\/23\/policia-conclui-investigacao-de-serie-de-roubos-em-monteiro-dupla-atuava-com-mascaras-de-la-casa-de-papel\/","title":{"rendered":"Pol\u00edcia conclui investiga\u00e7\u00e3o de s\u00e9rie de roubos em Monteiro; dupla atuava com m\u00e1scaras de \u2018La Casa de Papel\u2019"},"content":{"rendered":"\n<p>A Pol\u00edcia Civil, por interm\u00e9dio do Grupo T\u00e1tico Especial \u2013 GTE\/14 DSPC\/MONTEIRO, concluiu o procedimento policial que apurou uma s\u00e9rie de roubos ocorrido no m\u00eas passado, no munic\u00edpio de Monteiro, no Cariri paraibano, tendo sido v\u00edtimas dos criminosos, estabelecimentos comerciais como: mercadinho, farm\u00e1cia, posto de combust\u00edvel, uma lanchonete (que comercializa produtos derivados de a\u00e7a\u00ed), e ainda a propriet\u00e1ria de um frigor\u00edfico local.<\/p>\n\n\n\n<p>No caso da lanchonete que comercializa a\u00e7a\u00ed, roubo ocorrido no dia 21\/04, as imagens do circuito interno de c\u00e2meras foram veiculadas em diversos meios de imprensa, at\u00e9 fora de nosso Estado.<\/p>\n\n\n\n<p>A dupla, que sempre agia armada, com um rev\u00f3lver, e em uma motocicleta Honda de cor vermelha, tinha uma marca registrada, que era o uso de m\u00e1scaras de Salvador Dali (que se popularizaram com o advento da s\u00e9rie\/filme La Casa de Papel).<\/p>\n\n\n\n<p>Tanto as imagens de circuito interno de c\u00e2meras, quanto as dezenas de depoimentos colhidos, contribu\u00edram para a identifica\u00e7\u00e3o dos autores. Um deles, menor de 16 (dezesseis) anos e residente em Monteiro, confessou os atos infracionais e j\u00e1 se encontra recolhido no Lar do Garoto, em Campina Grande (havia sido apreendido pela Pol\u00edcia Militar por porte ilegal de arma).<\/p>\n\n\n\n<p>J\u00e1 o segundo investigado, de 19 anos, encontra-se foragido, com pris\u00e3o preventiva decretada.<a rel=\"noreferrer noopener\" href=\"http:\/\/hora1pb.com.br\/#facebook\" target=\"_blank\">F<\/a><\/p>\n","protected":false},"excerpt":{"rendered":"<p>A Pol\u00edcia Civil, por interm\u00e9dio do Grupo T\u00e1tico Especial \u2013 GTE\/14 DSPC\/MONTEIRO, concluiu o procedimento policial que apurou uma s\u00e9rie de roubos ocorrido no m\u00eas&hellip; <\/p>\n","protected":false},"author":1,"featured_media":96197,"comment_status":"closed","ping_status":"closed","sticky":false,"template":"","format":"standard","meta":{"sfsi_plus_gutenberg_text_before_share":"","sfsi_plus_gutenberg_show_text_before_share":"","sfsi_plus_gutenberg_icon_type":"","sfsi_plus_gutenberg_icon_alignemt":"","sfsi_plus_gutenburg_max_per_row":"","footnotes":""},"categories":[6,50,12],"tags":[],"class_list":["post-96196","post","type-post","status-publish","format-standard","has-post-thumbnail","hentry","category-cidades","category-destaque","category-policia"],"_links":{"self":[{"href":"https:\/\/www.caririemacao.com\/1\/wp-json\/wp\/v2\/posts\/96196","targetHints":{"allow":["GET"]}}],"collection":[{"href":"https:\/\/www.caririemacao.com\/1\/wp-json\/wp\/v2\/posts"}],"about":[{"href":"https:\/\/www.caririemacao.com\/1\/wp-json\/wp\/v2\/types\/post"}],"author":[{"embeddable":true,"href":"https:\/\/www.caririemacao.com\/1\/wp-json\/wp\/v2\/users\/1"}],"replies":[{"embeddable":true,"href":"https:\/\/www.caririemacao.com\/1\/wp-json\/wp\/v2\/comments?post=96196"}],"version-history":[{"count":1,"href":"https:\/\/www.caririemacao.com\/1\/wp-json\/wp\/v2\/posts\/96196\/revisions"}],"predecessor-version":[{"id":96198,"href":"https:\/\/www.caririemacao.com\/1\/wp-json\/wp\/v2\/posts\/96196\/revisions\/96198"}],"wp:featuredmedia":[{"embeddable":true,"href":"https:\/\/www.caririemacao.com\/1\/wp-json\/wp\/v2\/media\/96197"}],"wp:attachment":[{"href":"https:\/\/www.caririemacao.com\/1\/wp-json\/wp\/v2\/media?parent=96196"}],"wp:term":[{"taxonomy":"category","embeddable":true,"href":"https:\/\/www.caririemacao.com\/1\/wp-json\/wp\/v2\/categories?post=96196"},{"taxonomy":"post_tag","embeddable":true,"href":"https:\/\/www.caririemacao.com\/1\/wp-json\/wp\/v2\/tags?post=96196"}],"curies":[{"name":"wp","href":"https:\/\/api.w.org\/{rel}","templated":true}]}}