{"id":96202,"date":"2019-05-23T13:51:03","date_gmt":"2019-05-23T16:51:03","guid":{"rendered":"http:\/\/www.caririemacao.com\/1\/?p=96202"},"modified":"2019-05-23T13:51:03","modified_gmt":"2019-05-23T16:51:03","slug":"fortaleza-e-botafogo-pb-comecam-a-decidir-nordestao-2019","status":"publish","type":"post","link":"https:\/\/www.caririemacao.com\/1\/2019\/05\/23\/fortaleza-e-botafogo-pb-comecam-a-decidir-nordestao-2019\/","title":{"rendered":"Fortaleza e Botafogo-PB come\u00e7am a decidir Nordest\u00e3o 2019"},"content":{"rendered":"\n<p>Fortaleza e Botafogo-PB d\u00e3o in\u00edcio \u00e0 final da Copa do Nordeste \u00e0s 21h30 desta quinta-feira (23). Os primeiros 90 minutos ser\u00e3o jogados na Arena Castel\u00e3o, na capital cearense.<\/p>\n\n\n\n<figure class=\"wp-block-image\"><img decoding=\"async\" data-src=\"https:\/\/paraibaonline.com.br\/wp-content\/uploads\/2019\/05\/ArenaCastelao.jpg\" alt=\"\" class=\"wp-image-738758 lazyload\" src=\"data:image\/svg+xml;base64,PHN2ZyB3aWR0aD0iMSIgaGVpZ2h0PSIxIiB4bWxucz0iaHR0cDovL3d3dy53My5vcmcvMjAwMC9zdmciPjwvc3ZnPg==\" \/><\/figure>\n\n\n\n<p>Foto: Divulga\u00e7\u00e3o \/ O Povo<\/p>\n\n\n\n<p>Na pr\u00f3xima semana, em Jo\u00e3o Pessoa, ser\u00e1 conhecido o campe\u00e3o que vai erguer a \u201cOrelhuda\u201d em 2019. Quando o Le\u00e3o do Pici e o Belo subirem ao gramado, ser\u00e1 travado o confronto entre o melhor ataque contra a melhor defesa do campeonato.<\/p>\n\n\n\n<p>O duelo promete ser bem acirrado. Pelo lado do Fortaleza, o ataque veloz e letal balan\u00e7ou as redes 17 vezes. Em oito oportunidades, J\u00fanior Santos, o artilheiro da Copa do Nordeste \u2013 posto dividido com Gilberto -, teve a compet\u00eancia de fazer o torcedor tricolor ter motivos de sobra para soltar o grito m\u00e1ximo do futebol.<\/p>\n\n\n\n<p>Dono da melhor campanha da disputa, o Botafogo-PB tem um ataque que n\u00e3o fica muito para tr\u00e1s, com 15 tentos anotados no torneio.<\/p>\n\n\n\n<p>Mas o ponto forte \u2013 pelo menos no Nordest\u00e3o \u2013 tem sido a defesa. Foram apenas tr\u00eas gols sofridos nos oito jogos disputados da primeira fase, um nas quartas de final e outro na semifinal, o que d\u00e3o \u00e0 equipe o posto de menos vazada da competi\u00e7\u00e3o at\u00e9 o momento.<\/p>\n\n\n\n<p>Para o duelo de logo mais, Rog\u00e9rio Ceni n\u00e3o vai ter problemas para escalar o tricolor cearense. Dos jogadores que podem atuar na competi\u00e7\u00e3o regional, todos eles est\u00e3o dispon\u00edveis.<\/p>\n\n\n\n<figure class=\"wp-block-image\"><img decoding=\"async\" data-src=\"https:\/\/paraibaonline.com.br\/wp-content\/uploads\/2019\/05\/FECxBelo.jpg\" alt=\"\" class=\"wp-image-738761 lazyload\" src=\"data:image\/svg+xml;base64,PHN2ZyB3aWR0aD0iMSIgaGVpZ2h0PSIxIiB4bWxucz0iaHR0cDovL3d3dy53My5vcmcvMjAwMC9zdmciPjwvc3ZnPg==\" \/><\/figure>\n\n\n\n<p>Foto: Ascom \/ Botafogo-PB<\/p>\n\n\n\n<p>O Tricolor vem embalado de uma vit\u00f3ria no Brasileir\u00e3o, conquistada na casa da Chapecoense, no \u00faltimo domingo, por 3 a 1. Os autores dos gols, Marcinho (2x) e Osvaldo, inclusive, est\u00e3o confirmados entre os titulares que v\u00e3o dar in\u00edcio ao jogo. A \u00fanica mudan\u00e7a deve ocorrer no gol, j\u00e1 que Felipe Alves tem sido o goleiro do time na S\u00e9rie A, e dar\u00e1 lugar para Marcelo Boeck, que atua nos jogos da Copa do Brasil e Copa do Nordeste.<\/p>\n\n\n\n<p>Do lado botafoguense, foram sete vit\u00f3rias e tr\u00eas empates at\u00e9 ent\u00e3o na Copa do Nordeste. Quem achou que o Belo seria apenas mais um coadjuvante, em seu sexto consecutivo participando do torneio acabou se engando. O time comandado por Evaristo Piza fez uma primeira fase impec\u00e1vel e conseguiu a sua classifica\u00e7\u00e3o com uma rodada de anteced\u00eancia.<\/p>\n\n\n\n<p>Para a primeira das finais, o Botafogo-PB n\u00e3o vai poder contar com dois pilares da forma\u00e7\u00e3o titular, o volante Rog\u00e9rio e o capit\u00e3o Marcos Aur\u00e9lio, suspensos pelo terceiro cart\u00e3o amarelo, que ficam de fora do jogo no Castel\u00e3o.<\/p>\n\n\n\n<p>Al\u00e9m de suspenso, o camisa 10 ainda est\u00e1 no departamento m\u00e9dico, tratando de um estiramento na coxa, e ainda \u00e9 d\u00favida para o segundo jogo, na pr\u00f3xima quarta-feira. F\u00e1bio Alves, fora do jogo do fim de semana contra o ABC, viajou normalmente e refor\u00e7a o setor esquerdo do Belo.<\/p>\n\n\n\n<p><strong>Arbitragem<\/strong><br>O trio de arbitragem \u00e9 da CBF e vem da Bahia. Diego Pombo Lopez apita a primeira final, auxiliado por Elicarlos Franco de Oliveira e Jos\u00e9 Carlos Oliveira dos Santos.<\/p>\n\n\n\n<p><strong>Prov\u00e1veis escala\u00e7\u00f5es<\/strong><\/p>\n\n\n\n<p><strong>Fortaleza:<\/strong>&nbsp;Marcelo Boeck, Tinga, Quintero, Roger, Bruno Melo; Paulo Roberto, Dod\u00f4, Edinho; Marcinho, Osvaldo e Wellington Paulista. T\u00e9cnico: Rog\u00e9rio Ceni.<\/p>\n\n\n\n<p><strong>Botafogo-PB:<\/strong>&nbsp;Saulo, Israel, Lula, Donato, F\u00e1bio Alves; Wellington, Juninho, Marcos Vinicius, Clayton; Dico e Nando. T\u00e9cnico: Evaristo Piza.<\/p>\n","protected":false},"excerpt":{"rendered":"<p>Fortaleza e Botafogo-PB d\u00e3o in\u00edcio \u00e0 final da Copa do Nordeste \u00e0s 21h30 desta quinta-feira (23). Os primeiros 90 minutos ser\u00e3o jogados na Arena Castel\u00e3o,&hellip; <\/p>\n","protected":false},"author":1,"featured_media":96203,"comment_status":"closed","ping_status":"closed","sticky":false,"template":"","format":"standard","meta":{"sfsi_plus_gutenberg_text_before_share":"","sfsi_plus_gutenberg_show_text_before_share":"","sfsi_plus_gutenberg_icon_type":"","sfsi_plus_gutenberg_icon_alignemt":"","sfsi_plus_gutenburg_max_per_row":"","footnotes":""},"categories":[13],"tags":[],"class_list":["post-96202","post","type-post","status-publish","format-standard","has-post-thumbnail","hentry","category-esportes"],"_links":{"self":[{"href":"https:\/\/www.caririemacao.com\/1\/wp-json\/wp\/v2\/posts\/96202","targetHints":{"allow":["GET"]}}],"collection":[{"href":"https:\/\/www.caririemacao.com\/1\/wp-json\/wp\/v2\/posts"}],"about":[{"href":"https:\/\/www.caririemacao.com\/1\/wp-json\/wp\/v2\/types\/post"}],"author":[{"embeddable":true,"href":"https:\/\/www.caririemacao.com\/1\/wp-json\/wp\/v2\/users\/1"}],"replies":[{"embeddable":true,"href":"https:\/\/www.caririemacao.com\/1\/wp-json\/wp\/v2\/comments?post=96202"}],"version-history":[{"count":1,"href":"https:\/\/www.caririemacao.com\/1\/wp-json\/wp\/v2\/posts\/96202\/revisions"}],"predecessor-version":[{"id":96204,"href":"https:\/\/www.caririemacao.com\/1\/wp-json\/wp\/v2\/posts\/96202\/revisions\/96204"}],"wp:featuredmedia":[{"embeddable":true,"href":"https:\/\/www.caririemacao.com\/1\/wp-json\/wp\/v2\/media\/96203"}],"wp:attachment":[{"href":"https:\/\/www.caririemacao.com\/1\/wp-json\/wp\/v2\/media?parent=96202"}],"wp:term":[{"taxonomy":"category","embeddable":true,"href":"https:\/\/www.caririemacao.com\/1\/wp-json\/wp\/v2\/categories?post=96202"},{"taxonomy":"post_tag","embeddable":true,"href":"https:\/\/www.caririemacao.com\/1\/wp-json\/wp\/v2\/tags?post=96202"}],"curies":[{"name":"wp","href":"https:\/\/api.w.org\/{rel}","templated":true}]}}