{"id":96211,"date":"2019-05-23T14:01:07","date_gmt":"2019-05-23T17:01:07","guid":{"rendered":"http:\/\/www.caririemacao.com\/1\/?p=96211"},"modified":"2019-05-23T14:01:07","modified_gmt":"2019-05-23T17:01:07","slug":"prefeitura-de-sume-conclui-servico-de-aracao-de-terras-para-agricultores-do-municipio","status":"publish","type":"post","link":"https:\/\/www.caririemacao.com\/1\/2019\/05\/23\/prefeitura-de-sume-conclui-servico-de-aracao-de-terras-para-agricultores-do-municipio\/","title":{"rendered":"Prefeitura de Sum\u00e9 conclui servi\u00e7o de ara\u00e7\u00e3o de terras para agricultores do munic\u00edpio"},"content":{"rendered":"\n<p>Em Sum\u00e9, 682 agricultores familiares do munic\u00edpio foram contemplados com o programa de ara\u00e7\u00e3o de terra para plantio de milho e feij\u00e3o, prioritariamente para safra de 2019.<\/p>\n\n\n\n<p>A Prefeitura ofereceu a custo zero para o agricultor o tempo de 1 hora de trator, que transformando em \u00e1rea trabalhada corresponde em m\u00e9dia a 620 hectares.<\/p>\n\n\n\n<p>Os trabalhos foram iniciados na primeira semana de fevereiro e conclu\u00eddos no in\u00edcio de maio. Todas as comunidades rurais foram beneficiadas, seguindo o crit\u00e9rio estabelecido pelo Conselho Municipal de Desenvolvimento Rural Sustent\u00e1vel (CMDRS) que o atendimento seguiria a ordem de entrega das rela\u00e7\u00f5es de agricultores pelos presidentes das associa\u00e7\u00f5es.<\/p>\n\n\n\n<p>De acordo com a Secretaria de Agricultura do munic\u00edpio, a expectativa \u00e9 de boa safra para esse ano.<\/p>\n\n\n\n<p>Em ato cont\u00ednuo, a Secretaria j\u00e1 est\u00e1 oferecendo o servi\u00e7o de confec\u00e7\u00e3o de silagem para assegurar o fornecimento da alimenta\u00e7\u00e3o do rebanho no per\u00edodo de estio. <\/p>\n\n\n\n<p>O munic\u00edpio possui tr\u00eas m\u00e1quinas ensiladeiras, sendo uma atrel\u00e1vel a um trator agr\u00edcola, equipamentos que foi contemplado pelo conv\u00eanio com o Governo do Estado\/PROCASE e duas ensiladeiras reboc\u00e1veis (01 motor diesel e outra motor el\u00e9trico). <\/p>\n\n\n\n<p>Para o atendimento aos agricultores, a Secretaria est\u00e1 adotando o mesmo crit\u00e9rio de agendamento, atrav\u00e9s de rela\u00e7\u00e3o com os nomes dos interessados entregues pelo presidente.<\/p>\n\n\n\n<p>Mantendo o mesmo compromisso com o setor rural, a Prefeitura de Sum\u00e9, at\u00e9 o momento, j\u00e1 pagou a 4\u00aa parcela do aporte ao Programa Garantia Safra no valor de R$ 4.590,00, restando apenas dua programadas para os meses de junho e julho, que resultar\u00e1 numa contrapartida total de R$ 27.540,00, que assegurar\u00e1 o benef\u00edcio de 540 agricultores inscritos, caso haja perda da safra.<\/p>\n\n\n\n<p>Ascom PMS<\/p>\n","protected":false},"excerpt":{"rendered":"<p>Em Sum\u00e9, 682 agricultores familiares do munic\u00edpio foram contemplados com o programa de ara\u00e7\u00e3o de terra para plantio de milho e feij\u00e3o, prioritariamente para safra&hellip; <\/p>\n","protected":false},"author":1,"featured_media":96212,"comment_status":"closed","ping_status":"closed","sticky":false,"template":"","format":"standard","meta":{"sfsi_plus_gutenberg_text_before_share":"","sfsi_plus_gutenberg_show_text_before_share":"","sfsi_plus_gutenberg_icon_type":"","sfsi_plus_gutenberg_icon_alignemt":"","sfsi_plus_gutenburg_max_per_row":"","footnotes":""},"categories":[6],"tags":[],"class_list":["post-96211","post","type-post","status-publish","format-standard","has-post-thumbnail","hentry","category-cidades"],"_links":{"self":[{"href":"https:\/\/www.caririemacao.com\/1\/wp-json\/wp\/v2\/posts\/96211","targetHints":{"allow":["GET"]}}],"collection":[{"href":"https:\/\/www.caririemacao.com\/1\/wp-json\/wp\/v2\/posts"}],"about":[{"href":"https:\/\/www.caririemacao.com\/1\/wp-json\/wp\/v2\/types\/post"}],"author":[{"embeddable":true,"href":"https:\/\/www.caririemacao.com\/1\/wp-json\/wp\/v2\/users\/1"}],"replies":[{"embeddable":true,"href":"https:\/\/www.caririemacao.com\/1\/wp-json\/wp\/v2\/comments?post=96211"}],"version-history":[{"count":1,"href":"https:\/\/www.caririemacao.com\/1\/wp-json\/wp\/v2\/posts\/96211\/revisions"}],"predecessor-version":[{"id":96213,"href":"https:\/\/www.caririemacao.com\/1\/wp-json\/wp\/v2\/posts\/96211\/revisions\/96213"}],"wp:featuredmedia":[{"embeddable":true,"href":"https:\/\/www.caririemacao.com\/1\/wp-json\/wp\/v2\/media\/96212"}],"wp:attachment":[{"href":"https:\/\/www.caririemacao.com\/1\/wp-json\/wp\/v2\/media?parent=96211"}],"wp:term":[{"taxonomy":"category","embeddable":true,"href":"https:\/\/www.caririemacao.com\/1\/wp-json\/wp\/v2\/categories?post=96211"},{"taxonomy":"post_tag","embeddable":true,"href":"https:\/\/www.caririemacao.com\/1\/wp-json\/wp\/v2\/tags?post=96211"}],"curies":[{"name":"wp","href":"https:\/\/api.w.org\/{rel}","templated":true}]}}