{"id":96218,"date":"2019-05-23T19:58:22","date_gmt":"2019-05-23T22:58:22","guid":{"rendered":"http:\/\/www.caririemacao.com\/1\/?p=96218"},"modified":"2019-05-23T20:01:10","modified_gmt":"2019-05-23T23:01:10","slug":"camara-de-congo-aprova-projeto-que-torna-patrimonio-cultural-imaterial-do-municipio-de-congo-a-festa-de-padroeira-santa-ana","status":"publish","type":"post","link":"https:\/\/www.caririemacao.com\/1\/2019\/05\/23\/camara-de-congo-aprova-projeto-que-torna-patrimonio-cultural-imaterial-do-municipio-de-congo-a-festa-de-padroeira-santa-ana\/","title":{"rendered":"C\u00e2mara de Congo aprova projeto que torna patrim\u00f4nio cultural imaterial do munic\u00edpio de Congo, a Festa de Padroeira Santa Ana"},"content":{"rendered":"\n<p>Os vereadores do Congo aprovaram nesta ter\u00e7a-feira, dia 23, um importante projeto de lei que torna patrim\u00f4nio cultural imaterial do munic\u00edpio de Congo, a Festa de Padroeira Santa Ana, realizada sempre no m\u00eas de julho.<\/p>\n\n\n\n<figure class=\"wp-block-image\"><img fetchpriority=\"high\" decoding=\"async\" width=\"1024\" height=\"678\" src=\"http:\/\/www.caririemacao.com\/1\/wp-content\/uploads\/2019\/05\/DSC_0016-1-1024x678.jpg\" alt=\"\" class=\"wp-image-96227\" srcset=\"https:\/\/www.caririemacao.com\/1\/wp-content\/uploads\/2019\/05\/DSC_0016-1-1024x678.jpg 1024w, https:\/\/www.caririemacao.com\/1\/wp-content\/uploads\/2019\/05\/DSC_0016-1-300x199.jpg 300w, https:\/\/www.caririemacao.com\/1\/wp-content\/uploads\/2019\/05\/DSC_0016-1-768x509.jpg 768w\" sizes=\"(max-width: 1024px) 100vw, 1024px\" \/><\/figure>\n\n\n\n<p>Antes de colocar o projeto em vota\u00e7\u00e3o em segundo turno, o presidente Lenilson Bezerra destacou a import\u00e2ncia da festa de Santa Ana, falando de sua hist\u00f3ria para o munic\u00edpio. \u00a0\u00a0<\/p>\n\n\n\n<figure class=\"wp-block-image\"><img decoding=\"async\" width=\"1024\" height=\"678\" data-src=\"http:\/\/www.caririemacao.com\/1\/wp-content\/uploads\/2019\/05\/DSC_0020-1-1024x678.jpg\" alt=\"\" class=\"wp-image-96224 lazyload\" data-srcset=\"https:\/\/www.caririemacao.com\/1\/wp-content\/uploads\/2019\/05\/DSC_0020-1-1024x678.jpg 1024w, https:\/\/www.caririemacao.com\/1\/wp-content\/uploads\/2019\/05\/DSC_0020-1-300x199.jpg 300w, https:\/\/www.caririemacao.com\/1\/wp-content\/uploads\/2019\/05\/DSC_0020-1-768x509.jpg 768w\" data-sizes=\"(max-width: 1024px) 100vw, 1024px\" src=\"data:image\/svg+xml;base64,PHN2ZyB3aWR0aD0iMSIgaGVpZ2h0PSIxIiB4bWxucz0iaHR0cDovL3d3dy53My5vcmcvMjAwMC9zdmciPjwvc3ZnPg==\" style=\"--smush-placeholder-width: 1024px; --smush-placeholder-aspect-ratio: 1024\/678;\" \/><\/figure>\n\n\n\n<p>Inicialmente, o secret\u00e1rio Juc\u00e9lio Quintans relatou um pouco\nda Hist\u00f3ria do Munic\u00edpio, enfatizando, tamb\u00e9m, a import\u00e2ncia do evento para a\ncomunidade cat\u00f3lica. \u201cOs primeiros pr\u00e9dios da atual cidade foram uma capela uma\ncasa constru\u00eddas em 1836 por um preto velho, conhecido pela alcunha de \u201cCongo\u201d\nquem, segundo alguns historiadores teria sido escravo e de origem congloesa,\nda\u00ed a origem do top\u00f4nimo\u201d. <\/p>\n\n\n\n<p>Na justifica do PL, o vereador Juc\u00e9lio continuou falando que o pequeno templo e o casebre foram edificados em uma por\u00e7\u00e3o de terras doada pelo Capit\u00e3o Jos\u00e9 Rodrigues Correia que desde o ano de 1830 havia implantado uma fazenda de gado juntamente com sua esposa D. Emerenciana Campos de Jesus na regi\u00e3o do munic\u00edpio. \u201cDurante alguns tempos o munic\u00edpio passou a ser chamado de Santa Ana do Cariri, voltando posteriormente a denomina\u00e7\u00e3o original. Portanto, o povoado foi elevado \u00e0 categoria de distrito pela Lei n\u00ba 480, de 17 de novembro de 1871 e a sua atual igreja matriz foi constru\u00edda em 1947. O desenvolvimento econ\u00f4mico, social e pol\u00edtico do munic\u00edpio foi impulsionado pelo Coronel Francisco Louren\u00e7o da Costa, Sr. Zeferino Alves Feitosa e o Coronel Francisco Travassos, al\u00e9m da fam\u00edlia Campos,\u201d comentou.<\/p>\n\n\n\n<figure class=\"wp-block-image\"><img decoding=\"async\" width=\"1024\" height=\"678\" data-src=\"http:\/\/www.caririemacao.com\/1\/wp-content\/uploads\/2019\/05\/DSC_0040-1024x678.jpg\" alt=\"\" class=\"wp-image-96228 lazyload\" data-srcset=\"https:\/\/www.caririemacao.com\/1\/wp-content\/uploads\/2019\/05\/DSC_0040-1024x678.jpg 1024w, https:\/\/www.caririemacao.com\/1\/wp-content\/uploads\/2019\/05\/DSC_0040-300x199.jpg 300w, https:\/\/www.caririemacao.com\/1\/wp-content\/uploads\/2019\/05\/DSC_0040-768x509.jpg 768w\" data-sizes=\"(max-width: 1024px) 100vw, 1024px\" src=\"data:image\/svg+xml;base64,PHN2ZyB3aWR0aD0iMSIgaGVpZ2h0PSIxIiB4bWxucz0iaHR0cDovL3d3dy53My5vcmcvMjAwMC9zdmciPjwvc3ZnPg==\" style=\"--smush-placeholder-width: 1024px; --smush-placeholder-aspect-ratio: 1024\/678;\" \/><\/figure>\n\n\n\n<p>O vereador Aderaldo Pereira (Dera) solicitou que o prefeito viabilize a emiss\u00e3o de carteiras de estudantes para os alunos da rede municipal de ensino. \u201c\u00c9 de grande import\u00e2ncia para os estudantes da rede municipal de ensino que a Secretaria de Educa\u00e7\u00e3o viabilize junto as entidades credenciadas carteiras de estudantes para os alunos da rede municipal de ensino para que os mesmos tenham seus direitos respeitados\u201d, justificou.<\/p>\n\n\n\n<figure class=\"wp-block-image\"><img decoding=\"async\" width=\"1024\" height=\"678\" data-src=\"http:\/\/www.caririemacao.com\/1\/wp-content\/uploads\/2019\/05\/DSC_0051-1-1024x678.jpg\" alt=\"\" class=\"wp-image-96230 lazyload\" data-srcset=\"https:\/\/www.caririemacao.com\/1\/wp-content\/uploads\/2019\/05\/DSC_0051-1-1024x678.jpg 1024w, https:\/\/www.caririemacao.com\/1\/wp-content\/uploads\/2019\/05\/DSC_0051-1-300x199.jpg 300w, https:\/\/www.caririemacao.com\/1\/wp-content\/uploads\/2019\/05\/DSC_0051-1-768x509.jpg 768w\" data-sizes=\"(max-width: 1024px) 100vw, 1024px\" src=\"data:image\/svg+xml;base64,PHN2ZyB3aWR0aD0iMSIgaGVpZ2h0PSIxIiB4bWxucz0iaHR0cDovL3d3dy53My5vcmcvMjAwMC9zdmciPjwvc3ZnPg==\" style=\"--smush-placeholder-width: 1024px; --smush-placeholder-aspect-ratio: 1024\/678;\" \/><\/figure>\n\n\n\n<p>Na ocasi\u00e3o, o presidente da Uni\u00e3o Municipal dos Estudantes Secundaristas de Sum\u00e9, Igor Sousa, utilizou da tribuna para falar sobre o requerimento apresentado pelo vereador Dera, dizendo que estava dispon\u00edvel para ajudar na emiss\u00e3o das carteirinhas estudantis para os estudantes do Congo. <\/p>\n\n\n\n<figure class=\"wp-block-image\"><img decoding=\"async\" width=\"1024\" height=\"678\" data-src=\"http:\/\/www.caririemacao.com\/1\/wp-content\/uploads\/2019\/05\/DSC_0005-1-1024x678.jpg\" alt=\"\" class=\"wp-image-96223 lazyload\" data-srcset=\"https:\/\/www.caririemacao.com\/1\/wp-content\/uploads\/2019\/05\/DSC_0005-1-1024x678.jpg 1024w, https:\/\/www.caririemacao.com\/1\/wp-content\/uploads\/2019\/05\/DSC_0005-1-300x199.jpg 300w, https:\/\/www.caririemacao.com\/1\/wp-content\/uploads\/2019\/05\/DSC_0005-1-768x509.jpg 768w\" data-sizes=\"(max-width: 1024px) 100vw, 1024px\" src=\"data:image\/svg+xml;base64,PHN2ZyB3aWR0aD0iMSIgaGVpZ2h0PSIxIiB4bWxucz0iaHR0cDovL3d3dy53My5vcmcvMjAwMC9zdmciPjwvc3ZnPg==\" style=\"--smush-placeholder-width: 1024px; --smush-placeholder-aspect-ratio: 1024\/678;\" \/><\/figure>\n\n\n\n<p>Na tribuna, o vereador Fabiano Bolacha parabenizou o prefeito J\u00fanior pela programa\u00e7\u00e3o realizada nas comemora\u00e7\u00f5es do anivers\u00e1rio da cidade. Ele tamb\u00e9m agradeceu ao prefeito pela pavimenta\u00e7\u00e3o de cal\u00e7amento em algumas ruas do munic\u00edpio.<\/p>\n\n\n\n<p>Por fim, o presidente Lenilson agradeceu a presen\u00e7a de seus colegas vereadores e convidou todos, bem como, a popula\u00e7\u00e3o para participar dos debates da pr\u00f3xima sess\u00e3o ordin\u00e1ria.<\/p>\n\n\n\n<p>ASSISTA TODA A SESS\u00c3O. <a href=\"https:\/\/www.facebook.com\/CaririEmAcao\/videos\/2286591278334889\/\">CLIQUE AQUI<\/a>.<\/p>\n\n\n\n<p>VEJA TODAS AS FOTOS. <a href=\"https:\/\/www.facebook.com\/pg\/CaririEmAcao\/photos\/?tab=album&amp;album_id=1553145838154767\">CLIQUE AQUI.<\/a><\/p>\n","protected":false},"excerpt":{"rendered":"<p>Os vereadores do Congo aprovaram nesta ter\u00e7a-feira, dia 23, um importante projeto de lei que torna patrim\u00f4nio cultural imaterial do munic\u00edpio de Congo, a Festa&hellip; <\/p>\n","protected":false},"author":2,"featured_media":96221,"comment_status":"closed","ping_status":"closed","sticky":false,"template":"","format":"standard","meta":{"sfsi_plus_gutenberg_text_before_share":"","sfsi_plus_gutenberg_show_text_before_share":"","sfsi_plus_gutenberg_icon_type":"","sfsi_plus_gutenberg_icon_alignemt":"","sfsi_plus_gutenburg_max_per_row":"","footnotes":""},"categories":[50,2],"tags":[],"class_list":["post-96218","post","type-post","status-publish","format-standard","has-post-thumbnail","hentry","category-destaque","category-geral"],"_links":{"self":[{"href":"https:\/\/www.caririemacao.com\/1\/wp-json\/wp\/v2\/posts\/96218","targetHints":{"allow":["GET"]}}],"collection":[{"href":"https:\/\/www.caririemacao.com\/1\/wp-json\/wp\/v2\/posts"}],"about":[{"href":"https:\/\/www.caririemacao.com\/1\/wp-json\/wp\/v2\/types\/post"}],"author":[{"embeddable":true,"href":"https:\/\/www.caririemacao.com\/1\/wp-json\/wp\/v2\/users\/2"}],"replies":[{"embeddable":true,"href":"https:\/\/www.caririemacao.com\/1\/wp-json\/wp\/v2\/comments?post=96218"}],"version-history":[{"count":5,"href":"https:\/\/www.caririemacao.com\/1\/wp-json\/wp\/v2\/posts\/96218\/revisions"}],"predecessor-version":[{"id":96233,"href":"https:\/\/www.caririemacao.com\/1\/wp-json\/wp\/v2\/posts\/96218\/revisions\/96233"}],"wp:featuredmedia":[{"embeddable":true,"href":"https:\/\/www.caririemacao.com\/1\/wp-json\/wp\/v2\/media\/96221"}],"wp:attachment":[{"href":"https:\/\/www.caririemacao.com\/1\/wp-json\/wp\/v2\/media?parent=96218"}],"wp:term":[{"taxonomy":"category","embeddable":true,"href":"https:\/\/www.caririemacao.com\/1\/wp-json\/wp\/v2\/categories?post=96218"},{"taxonomy":"post_tag","embeddable":true,"href":"https:\/\/www.caririemacao.com\/1\/wp-json\/wp\/v2\/tags?post=96218"}],"curies":[{"name":"wp","href":"https:\/\/api.w.org\/{rel}","templated":true}]}}