{"id":96247,"date":"2019-05-24T07:48:53","date_gmt":"2019-05-24T10:48:53","guid":{"rendered":"http:\/\/www.caririemacao.com\/1\/?p=96247"},"modified":"2019-05-24T07:48:53","modified_gmt":"2019-05-24T10:48:53","slug":"inflacao-de-2019-nao-deve-extrapolar-meta-diz-ipea","status":"publish","type":"post","link":"https:\/\/www.caririemacao.com\/1\/2019\/05\/24\/inflacao-de-2019-nao-deve-extrapolar-meta-diz-ipea\/","title":{"rendered":"Infla\u00e7\u00e3o de 2019 n\u00e3o deve extrapolar meta, diz Ipea"},"content":{"rendered":"\n<p>A infla\u00e7\u00e3o medida pelo IPCA em 2019 n\u00e3o deve extrapolar a meta estabelecida pelo governo, de 4,25%. A proje\u00e7\u00e3o \u00e9 do Instituto de Pesquisa Econ\u00f4mica Aplicada (Ipea) que publicou nesta quinta-feira (23) nova edi\u00e7\u00e3o da&nbsp;<a href=\"http:\/\/www.ipea.gov.br\/portal\/index.php?option=com_content&amp;view=article&amp;id=34747&amp;Itemid=3\" target=\"_blank\" rel=\"noreferrer noopener\">Carta de Conjuntura<\/a>. Segundo o texto, nos \u00faltimos 12 meses, a infla\u00e7\u00e3o foi de 4,08%.<\/p>\n\n\n\n<p>Apesar de manter-se na meta, o documento assinala preocupa\u00e7\u00e3o com impacto do aumento de pre\u00e7o dos alimentos e com custo dos combust\u00edveis. \u201cO comportamento dos pre\u00e7os dos alimentos, que acumulam alta de 9,1% nos \u00faltimos 12 meses, encerrados em abril, foi o principal determinante da revis\u00e3o de 3,85% (divulgado em mar\u00e7o na Carta de Conjuntura) para 4,08% da proje\u00e7\u00e3o para o IPCA de 2019\u201d.<\/p>\n\n\n\n<p>O aumento do pre\u00e7o dos alimentos preocupa os economistas impacta mais as classes com menor poder aquisitivo. \u201cS\u00e3o alimentos de subsist\u00eancia, muito importantes para o consumo da popula\u00e7\u00e3o\u201d, aponta a economista Maria Andr\u00e9ia Parente Lameiras, t\u00e9cnica de planejamento e pesquisa da Diretoria de Estudos e Pol\u00edticas Macroecon\u00f4micas do Ipea.<\/p>\n\n\n\n<p>\u201cA popula\u00e7\u00e3o mais pobre \u00e9 que est\u00e1 mais sofrendo com desemprego, menos escolarizada, que est\u00e1 h\u00e1 mais tempo procurando trabalho. Ainda s\u00e3o a faixa que tem a infla\u00e7\u00e3o maior e tem poder aquisitivo mais corro\u00eddo. Assim, a situa\u00e7\u00e3o fica pior ainda\u201d, disse a especialista<\/p>\n\n\n\n<p>Segundo ela, a alta infla\u00e7\u00e3o dos pre\u00e7os dos alimentos \u2013 em especial, o feij\u00e3o, a batata e o tomate \u2013 foi causada por diminui\u00e7\u00e3o da oferta em raz\u00e3o do regime de chuva de mar\u00e7o e abril.<\/p>\n\n\n\n<h2 class=\"wp-block-heading\">Cen\u00e1rio internacional<\/h2>\n\n\n\n<p>No caso dos combust\u00edveis, o problema est\u00e1 fora do Brasil. \u201cOs pre\u00e7os de combust\u00edveis acompanham o cen\u00e1rio internacional, que assiste movimento de alta no pre\u00e7o do barril de petr\u00f3leo\u201d. Maria Andr\u00e9ia lembra que o ambiente de guerra comercial entre Estados Unidos e China impacta todo o com\u00e9rcio internacional, e que uma eventual guerra entre os EUA e o Ir\u00e3 pode piorar a situa\u00e7\u00e3o. \u201cA\u00ed vai ser alta no pre\u00e7o do barril do petr\u00f3leo na veia\u201d, prev\u00ea.<\/p>\n\n\n\n<p>A economista lembra que internamente a alta do d\u00f3lar tamb\u00e9m for\u00e7a aumento dos combust\u00edveis. Ela alerta que a indefini\u00e7\u00e3o do encaminhamento da reforma da Previd\u00eancia favorece a aprecia\u00e7\u00e3o do c\u00e2mbio e impacta o pre\u00e7o de produtos importados como a gasolina refinada.<\/p>\n\n\n\n<p>A incerteza do encaminhamento das reformas pode afetar o crescimento econ\u00f4mico por dissuadir investimentos e n\u00e3o gerar empregos. Nesse cen\u00e1rio, os pre\u00e7os tendem a n\u00e3o aumentar. \u201cO pre\u00e7o est\u00e1 ligado \u00e0 oferta, mas tamb\u00e9m \u00e0 demanda. N\u00e3o estamos vendo a demanda com chance de recupera\u00e7\u00e3o. H\u00e1 13 milh\u00f5es de pessoas desempregados. Se essas pessoas n\u00e3o consomem n\u00e3o tem como ajustar pre\u00e7o\u201d, explicou a economista.<\/p>\n\n\n\n<p>De acordo com a Carta de Conjuntura, a piora recente da atividade econ\u00f4mica reduziu proje\u00e7\u00f5es para a infla\u00e7\u00e3o de bens livres (exceto alimentos) de 1,7% para 1,2%, e para o setor de servi\u00e7os, (excluindo educa\u00e7\u00e3o) de 3,7% para 3,5%.<\/p>\n","protected":false},"excerpt":{"rendered":"<p>A infla\u00e7\u00e3o medida pelo IPCA em 2019 n\u00e3o deve extrapolar a meta estabelecida pelo governo, de 4,25%. A proje\u00e7\u00e3o \u00e9 do Instituto de Pesquisa Econ\u00f4mica&hellip; <\/p>\n","protected":false},"author":1,"featured_media":91601,"comment_status":"closed","ping_status":"closed","sticky":false,"template":"","format":"standard","meta":{"sfsi_plus_gutenberg_text_before_share":"","sfsi_plus_gutenberg_show_text_before_share":"","sfsi_plus_gutenberg_icon_type":"","sfsi_plus_gutenberg_icon_alignemt":"","sfsi_plus_gutenburg_max_per_row":"","footnotes":""},"categories":[2],"tags":[],"class_list":["post-96247","post","type-post","status-publish","format-standard","has-post-thumbnail","hentry","category-geral"],"_links":{"self":[{"href":"https:\/\/www.caririemacao.com\/1\/wp-json\/wp\/v2\/posts\/96247","targetHints":{"allow":["GET"]}}],"collection":[{"href":"https:\/\/www.caririemacao.com\/1\/wp-json\/wp\/v2\/posts"}],"about":[{"href":"https:\/\/www.caririemacao.com\/1\/wp-json\/wp\/v2\/types\/post"}],"author":[{"embeddable":true,"href":"https:\/\/www.caririemacao.com\/1\/wp-json\/wp\/v2\/users\/1"}],"replies":[{"embeddable":true,"href":"https:\/\/www.caririemacao.com\/1\/wp-json\/wp\/v2\/comments?post=96247"}],"version-history":[{"count":1,"href":"https:\/\/www.caririemacao.com\/1\/wp-json\/wp\/v2\/posts\/96247\/revisions"}],"predecessor-version":[{"id":96248,"href":"https:\/\/www.caririemacao.com\/1\/wp-json\/wp\/v2\/posts\/96247\/revisions\/96248"}],"wp:featuredmedia":[{"embeddable":true,"href":"https:\/\/www.caririemacao.com\/1\/wp-json\/wp\/v2\/media\/91601"}],"wp:attachment":[{"href":"https:\/\/www.caririemacao.com\/1\/wp-json\/wp\/v2\/media?parent=96247"}],"wp:term":[{"taxonomy":"category","embeddable":true,"href":"https:\/\/www.caririemacao.com\/1\/wp-json\/wp\/v2\/categories?post=96247"},{"taxonomy":"post_tag","embeddable":true,"href":"https:\/\/www.caririemacao.com\/1\/wp-json\/wp\/v2\/tags?post=96247"}],"curies":[{"name":"wp","href":"https:\/\/api.w.org\/{rel}","templated":true}]}}