{"id":96249,"date":"2019-05-24T07:59:35","date_gmt":"2019-05-24T10:59:35","guid":{"rendered":"http:\/\/www.caririemacao.com\/1\/?p=96249"},"modified":"2019-05-24T07:59:35","modified_gmt":"2019-05-24T10:59:35","slug":"governo-autoriza-nomeacao-de-aprovados-em-concurso-da-policia-federal","status":"publish","type":"post","link":"https:\/\/www.caririemacao.com\/1\/2019\/05\/24\/governo-autoriza-nomeacao-de-aprovados-em-concurso-da-policia-federal\/","title":{"rendered":"Governo autoriza nomea\u00e7\u00e3o de aprovados em concurso da Pol\u00edcia Federal"},"content":{"rendered":"\n<p>O governo autoriza a nomea\u00e7\u00e3o de candidatos aprovados no concurso p\u00fablico da Pol\u00edcia Federal. O decreto assinado pelo presidente da Rep\u00fablica, Jair Bolsonaro, autorizando a nomea\u00e7\u00e3o, est\u00e1 publicado no&nbsp;<a href=\"http:\/\/www.in.gov.br\/web\/dou\/-\/decreto-n-9.801-de-23-de-maio-de-2019-127482788\" target=\"_blank\" rel=\"noreferrer noopener\"><em>Di\u00e1rio Oficial da Uni\u00e3o<\/em><\/a>desta sexta-feira (24).<\/p>\n\n\n\n<p>De acordo com o decreto, ser\u00e3o nomeados 1.047 candidatos, sendo 500 aprovados e classificados dentro do quantitativo de vagas originalmente previsto para pronto provimento e mais 547 aprovados, que n\u00e3o estavam dentro da quantidade de vagas originalmente prevista.<\/p>\n\n\n\n<p>No dia 14 de abril, em uma postagem no Twitter, o presidente da Rep\u00fablica escreveu que o governo chamaria mil candidatos aprovados em concurso da PF para compor o quadro da institui\u00e7\u00e3o.<\/p>\n\n\n\n<p>\u201cGoverno anuncia convoca\u00e7\u00e3o de mais 1.000 policiais federais. O objetivo \u00e9 compor gradativamente o quadro de intelig\u00eancia, como no trabalho da Lava-Jato (combate \u00e0 corrup\u00e7\u00e3o) e outros servi\u00e7os de seguran\u00e7a nacional dentro do or\u00e7amento poss\u00edvel destes primeiros 100 dias de mandato.\u201d<\/p>\n","protected":false},"excerpt":{"rendered":"<p>O governo autoriza a nomea\u00e7\u00e3o de candidatos aprovados no concurso p\u00fablico da Pol\u00edcia Federal. O decreto assinado pelo presidente da Rep\u00fablica, Jair Bolsonaro, autorizando a&hellip; <\/p>\n","protected":false},"author":1,"featured_media":96053,"comment_status":"closed","ping_status":"closed","sticky":false,"template":"","format":"standard","meta":{"sfsi_plus_gutenberg_text_before_share":"","sfsi_plus_gutenberg_show_text_before_share":"","sfsi_plus_gutenberg_icon_type":"","sfsi_plus_gutenberg_icon_alignemt":"","sfsi_plus_gutenburg_max_per_row":"","footnotes":""},"categories":[2],"tags":[],"class_list":["post-96249","post","type-post","status-publish","format-standard","has-post-thumbnail","hentry","category-geral"],"_links":{"self":[{"href":"https:\/\/www.caririemacao.com\/1\/wp-json\/wp\/v2\/posts\/96249","targetHints":{"allow":["GET"]}}],"collection":[{"href":"https:\/\/www.caririemacao.com\/1\/wp-json\/wp\/v2\/posts"}],"about":[{"href":"https:\/\/www.caririemacao.com\/1\/wp-json\/wp\/v2\/types\/post"}],"author":[{"embeddable":true,"href":"https:\/\/www.caririemacao.com\/1\/wp-json\/wp\/v2\/users\/1"}],"replies":[{"embeddable":true,"href":"https:\/\/www.caririemacao.com\/1\/wp-json\/wp\/v2\/comments?post=96249"}],"version-history":[{"count":1,"href":"https:\/\/www.caririemacao.com\/1\/wp-json\/wp\/v2\/posts\/96249\/revisions"}],"predecessor-version":[{"id":96250,"href":"https:\/\/www.caririemacao.com\/1\/wp-json\/wp\/v2\/posts\/96249\/revisions\/96250"}],"wp:featuredmedia":[{"embeddable":true,"href":"https:\/\/www.caririemacao.com\/1\/wp-json\/wp\/v2\/media\/96053"}],"wp:attachment":[{"href":"https:\/\/www.caririemacao.com\/1\/wp-json\/wp\/v2\/media?parent=96249"}],"wp:term":[{"taxonomy":"category","embeddable":true,"href":"https:\/\/www.caririemacao.com\/1\/wp-json\/wp\/v2\/categories?post=96249"},{"taxonomy":"post_tag","embeddable":true,"href":"https:\/\/www.caririemacao.com\/1\/wp-json\/wp\/v2\/tags?post=96249"}],"curies":[{"name":"wp","href":"https:\/\/api.w.org\/{rel}","templated":true}]}}