{"id":96251,"date":"2019-05-24T08:14:09","date_gmt":"2019-05-24T11:14:09","guid":{"rendered":"http:\/\/www.caririemacao.com\/1\/?p=96251"},"modified":"2019-05-24T08:14:09","modified_gmt":"2019-05-24T11:14:09","slug":"no-mundo-da-bola-destaca-a-copa-do-brasil-e-a-copa-sul-americana","status":"publish","type":"post","link":"https:\/\/www.caririemacao.com\/1\/2019\/05\/24\/no-mundo-da-bola-destaca-a-copa-do-brasil-e-a-copa-sul-americana\/","title":{"rendered":"No Mundo da Bola destaca a Copa do Brasil e a Copa Sul-Americana"},"content":{"rendered":"\n<p>\n\nO programa&nbsp;<strong>No Mundo da Bola<\/strong>&nbsp;desta quinta-feira (23) destacou os jogos da&nbsp;<strong>Copa do Brasil<\/strong>&nbsp;e da&nbsp;<strong>Copa Sul-Americana<\/strong>. Marcos Gomes, Bruno Mendes e M\u00e1rcio Guedes tamb\u00e9m analisaram&nbsp;a prepara\u00e7\u00e3o da&nbsp;<strong>Sele\u00e7\u00e3o Brasileira<\/strong>&nbsp;para a Copa Am\u00e9rica e as principais not\u00edcias do dia no esporte nacional e internacional.\n\n<\/p>\n","protected":false},"excerpt":{"rendered":"<p>O programa&nbsp;No Mundo da Bola&nbsp;desta quinta-feira (23) destacou os jogos da&nbsp;Copa do Brasil&nbsp;e da&nbsp;Copa Sul-Americana. Marcos Gomes, Bruno Mendes e M\u00e1rcio Guedes tamb\u00e9m analisaram&nbsp;a prepara\u00e7\u00e3o&hellip; <\/p>\n","protected":false},"author":1,"featured_media":87076,"comment_status":"closed","ping_status":"closed","sticky":false,"template":"","format":"standard","meta":{"sfsi_plus_gutenberg_text_before_share":"","sfsi_plus_gutenberg_show_text_before_share":"","sfsi_plus_gutenberg_icon_type":"","sfsi_plus_gutenberg_icon_alignemt":"","sfsi_plus_gutenburg_max_per_row":"","footnotes":""},"categories":[13],"tags":[],"class_list":["post-96251","post","type-post","status-publish","format-standard","has-post-thumbnail","hentry","category-esportes"],"_links":{"self":[{"href":"https:\/\/www.caririemacao.com\/1\/wp-json\/wp\/v2\/posts\/96251","targetHints":{"allow":["GET"]}}],"collection":[{"href":"https:\/\/www.caririemacao.com\/1\/wp-json\/wp\/v2\/posts"}],"about":[{"href":"https:\/\/www.caririemacao.com\/1\/wp-json\/wp\/v2\/types\/post"}],"author":[{"embeddable":true,"href":"https:\/\/www.caririemacao.com\/1\/wp-json\/wp\/v2\/users\/1"}],"replies":[{"embeddable":true,"href":"https:\/\/www.caririemacao.com\/1\/wp-json\/wp\/v2\/comments?post=96251"}],"version-history":[{"count":1,"href":"https:\/\/www.caririemacao.com\/1\/wp-json\/wp\/v2\/posts\/96251\/revisions"}],"predecessor-version":[{"id":96252,"href":"https:\/\/www.caririemacao.com\/1\/wp-json\/wp\/v2\/posts\/96251\/revisions\/96252"}],"wp:featuredmedia":[{"embeddable":true,"href":"https:\/\/www.caririemacao.com\/1\/wp-json\/wp\/v2\/media\/87076"}],"wp:attachment":[{"href":"https:\/\/www.caririemacao.com\/1\/wp-json\/wp\/v2\/media?parent=96251"}],"wp:term":[{"taxonomy":"category","embeddable":true,"href":"https:\/\/www.caririemacao.com\/1\/wp-json\/wp\/v2\/categories?post=96251"},{"taxonomy":"post_tag","embeddable":true,"href":"https:\/\/www.caririemacao.com\/1\/wp-json\/wp\/v2\/tags?post=96251"}],"curies":[{"name":"wp","href":"https:\/\/api.w.org\/{rel}","templated":true}]}}