{"id":96253,"date":"2019-05-24T08:19:14","date_gmt":"2019-05-24T11:19:14","guid":{"rendered":"http:\/\/www.caririemacao.com\/1\/?p=96253"},"modified":"2019-05-24T08:19:14","modified_gmt":"2019-05-24T11:19:14","slug":"devemos-aprovar-a-mp-870-como-veio-da-camara-diz-bolsonaro","status":"publish","type":"post","link":"https:\/\/www.caririemacao.com\/1\/2019\/05\/24\/devemos-aprovar-a-mp-870-como-veio-da-camara-diz-bolsonaro\/","title":{"rendered":"&#8220;Devemos aprovar a MP 870 como veio da C\u00e2mara&#8221;, diz Bolsonaro"},"content":{"rendered":"\n<p>O presidente Jair Bolsonaro defendeu hoje (23) a aprova\u00e7\u00e3o da Medida Provis\u00f3ria n\u00ba 870, que trata da reestrutura\u00e7\u00e3o administrativa do governo, da forma como foi votada pela C\u00e2mara dos Deputados. A vota\u00e7\u00e3o da MP foi&nbsp;<a href=\"http:\/\/agenciabrasil.ebc.com.br\/politica\/noticia\/2019-05\/camara-conclui-votacao-de-medida-provisoria-da-reforma-administrativa\" target=\"_blank\" rel=\"noreferrer noopener\">conclu\u00edda pela manh\u00e3<\/a>&nbsp;e segue para an\u00e1lise do Senado, onde&nbsp;<a href=\"http:\/\/agenciabrasil.ebc.com.br\/politica\/noticia\/2019-05\/Plenario-vota-na-proxima-ter%C3%A7a-feira-MP-da-reforma-administrativa\" target=\"_blank\" rel=\"noreferrer noopener\">deve ser votada<\/a>na semana que vem.<\/p>\n\n\n\n<p>Entre as principais mudan\u00e7as aprovadas pelos parlamentares, est\u00e1 a volta do Conselho de Controle de Atividades Financeiras (Coaf) para o Minist\u00e9rio da Economia. Desde janeiro, o Coaf estava subordinado ao Minist\u00e9rio da Justi\u00e7a e Seguran\u00e7a P\u00fablica, a pedido do ministro Sergio Moro, que queria dar prioridade ao trabalho de combate \u00e0 corrup\u00e7\u00e3o, j\u00e1 que o \u00f3rg\u00e3o \u00e9 especializado em investiga\u00e7\u00e3o de poss\u00edveis crimes financeiros, como lavagem de dinheiro.&nbsp; &nbsp;<\/p>\n\n\n\n<figure class=\"wp-block-image\"><img decoding=\"async\" data-src=\"http:\/\/imagens.ebc.com.br\/qBjH5Ulx19rZXl7O0WROUmCFr4g=\/754x0\/smart\/http:\/\/agenciabrasil.ebc.com.br\/sites\/default\/files\/thumbnails\/image\/live_bolsonaro-1_0.jpg?itok=1Qjm_fcj\" alt=\"O presidente Jair Bolsonaro faz transmiss\u00e3o ao vivo ao lado do ministro da Casa Civil, Onyx Lorenzoni, do presidente da Embratur, Gilson Machado, e da int\u00e9rprete de libras, Eliz\u00e2ngela Castelo Branco.\" src=\"data:image\/svg+xml;base64,PHN2ZyB3aWR0aD0iMSIgaGVpZ2h0PSIxIiB4bWxucz0iaHR0cDovL3d3dy53My5vcmcvMjAwMC9zdmciPjwvc3ZnPg==\" class=\"lazyload\" \/><\/figure>\n\n\n\n<h6 class=\"wp-block-heading\">O presidente Jair Bolsonaro faz transmiss\u00e3o ao vivo ao lado do ministro da Casa Civil, Onyx Lorenzoni, do presidente da Embratur, Gilson Machado, e da int\u00e9rprete de libras, Eliz\u00e2ngela Castelo Branco. &#8211;&nbsp;<strong>Presid\u00eancia da Rep\u00fablica<\/strong><\/h6>\n\n\n\n<p>&#8220;[O Coaf] continua no Executivo, sem problema nenhum. Deve ser votada na semana que vem no Senado. No meu entender, deve aprovar o que foi votado na C\u00e2mara dos Deputados e vamos seguir em pautas mais importantes&#8221;, disse Bolsonaro, durante transmiss\u00e3o ao vivo em sua p\u00e1gina no Facebook. Ele estava acompanhado do ministro-chefe da Casa Civil, Onyx Lorenzoni, e do presidente da Embratur, Gilson Machado Guimar\u00e3es.<\/p>\n\n\n\n<p>Mais cedo, o pr\u00f3prio ministro Sergio Moro&nbsp;<a href=\"http:\/\/agenciabrasil.ebc.com.br\/politica\/noticia\/2019-05\/moro-lamenta-retorno-do-coaf-ao-ministerio-da-economia\" target=\"_blank\" rel=\"noreferrer noopener\">lamentou a decis\u00e3o<\/a>&nbsp;dos deputados, mas disse que isso faz parte do jogo democr\u00e1tico. Bolsonaro tamb\u00e9m comentou durante a live a atua\u00e7\u00e3o da bancada do seu partido, o PSL, no Poder Legislativo. Segundo ele, n\u00e3o \u00e9 poss\u00edvel vencer todas as vota\u00e7\u00f5es.<\/p>\n\n\n\n<p>&#8220;A minha bancada do PSL \u00e9 uma bancada de parlamentares muito novos. Alguns acham que vamos ganhar todas, n\u00e3o d\u00e1. A gente vai perder alguma vota\u00e7\u00e3o, sem problema nenhum, mas a nossa bancada n\u00e3o vai atrapalhar as vota\u00e7\u00f5es&#8221;, disse. O presidente ressaltou que n\u00e3o controla sua bancada, que tem autonomia, mas refor\u00e7ou a necessidade de uma r\u00e1pida vota\u00e7\u00e3o da MP n\u00ba 870 na semana que vem, quando ser\u00e1 analisada pelos senadores. Segundo Bolsonaro, a maior parte do texto original foi mantida e as mudan\u00e7as promovidas pelo Congresso fazem bem \u00e0 democracia.<\/p>\n\n\n\n<p>&#8220;O que eu pe\u00e7o aos meus liderados, o pessoal do meu partido, que aprove o que passou na C\u00e2mara, numa vota\u00e7\u00e3o simb\u00f3lica, rel\u00e2mpago, e toca o barco. Aprovamos mais de 95% do que tinha na MP. Logicamente, o Parlamento fez sua mudan\u00e7a e a gente vai reconhecer, isso faz bem para a democracia&#8221;, disse.<\/p>\n\n\n\n<h2 class=\"wp-block-heading\">Previd\u00eancia<\/h2>\n\n\n\n<p>Pela manh\u00e3, durante o quarto caf\u00e9 da manh\u00e3 com jornalistas, no Pal\u00e1cio do Planalto, Bolsonaro voltou a defender a reforma da Previd\u00eancia. Dessa vez, ele classificou a medida como o &#8220;projeto-m\u00e3e&#8221; para a recupera\u00e7\u00e3o econ\u00f4mica do pa\u00eds. &#8220;A Previd\u00eancia \u00e9 o nosso projeto-m\u00e3e. Se der errado ali, se n\u00e3o passar a reforma, complica a situa\u00e7\u00e3o do Brasil&#8221;.<\/p>\n","protected":false},"excerpt":{"rendered":"<p>O presidente Jair Bolsonaro defendeu hoje (23) a aprova\u00e7\u00e3o da Medida Provis\u00f3ria n\u00ba 870, que trata da reestrutura\u00e7\u00e3o administrativa do governo, da forma como foi&hellip; <\/p>\n","protected":false},"author":1,"featured_media":95700,"comment_status":"closed","ping_status":"closed","sticky":false,"template":"","format":"standard","meta":{"sfsi_plus_gutenberg_text_before_share":"","sfsi_plus_gutenberg_show_text_before_share":"","sfsi_plus_gutenberg_icon_type":"","sfsi_plus_gutenberg_icon_alignemt":"","sfsi_plus_gutenburg_max_per_row":"","footnotes":""},"categories":[11],"tags":[],"class_list":["post-96253","post","type-post","status-publish","format-standard","has-post-thumbnail","hentry","category-politica"],"_links":{"self":[{"href":"https:\/\/www.caririemacao.com\/1\/wp-json\/wp\/v2\/posts\/96253","targetHints":{"allow":["GET"]}}],"collection":[{"href":"https:\/\/www.caririemacao.com\/1\/wp-json\/wp\/v2\/posts"}],"about":[{"href":"https:\/\/www.caririemacao.com\/1\/wp-json\/wp\/v2\/types\/post"}],"author":[{"embeddable":true,"href":"https:\/\/www.caririemacao.com\/1\/wp-json\/wp\/v2\/users\/1"}],"replies":[{"embeddable":true,"href":"https:\/\/www.caririemacao.com\/1\/wp-json\/wp\/v2\/comments?post=96253"}],"version-history":[{"count":1,"href":"https:\/\/www.caririemacao.com\/1\/wp-json\/wp\/v2\/posts\/96253\/revisions"}],"predecessor-version":[{"id":96254,"href":"https:\/\/www.caririemacao.com\/1\/wp-json\/wp\/v2\/posts\/96253\/revisions\/96254"}],"wp:featuredmedia":[{"embeddable":true,"href":"https:\/\/www.caririemacao.com\/1\/wp-json\/wp\/v2\/media\/95700"}],"wp:attachment":[{"href":"https:\/\/www.caririemacao.com\/1\/wp-json\/wp\/v2\/media?parent=96253"}],"wp:term":[{"taxonomy":"category","embeddable":true,"href":"https:\/\/www.caririemacao.com\/1\/wp-json\/wp\/v2\/categories?post=96253"},{"taxonomy":"post_tag","embeddable":true,"href":"https:\/\/www.caririemacao.com\/1\/wp-json\/wp\/v2\/tags?post=96253"}],"curies":[{"name":"wp","href":"https:\/\/api.w.org\/{rel}","templated":true}]}}