{"id":96261,"date":"2019-05-24T08:53:20","date_gmt":"2019-05-24T11:53:20","guid":{"rendered":"http:\/\/www.caririemacao.com\/1\/?p=96261"},"modified":"2019-05-24T08:53:20","modified_gmt":"2019-05-24T11:53:20","slug":"bolsonaro-faz-nesta-sexta-feira-primeira-viagem-ao-nordeste-como-presidente","status":"publish","type":"post","link":"https:\/\/www.caririemacao.com\/1\/2019\/05\/24\/bolsonaro-faz-nesta-sexta-feira-primeira-viagem-ao-nordeste-como-presidente\/","title":{"rendered":"Bolsonaro faz nesta sexta-feira primeira viagem ao Nordeste como presidente"},"content":{"rendered":"\n<p>O presidente Jair Bolsonaro far\u00e1 nesta sexta-feira (23) sua primeira viagem desde a posse, em 1\u00ba de janeiro, a um estado do Nordeste. A estreia do presidente na regi\u00e3o ser\u00e1 em Pernambuco, com agendas nas cidades de Recife e Petrolina.<\/p>\n\n\n\n<p>A agenda do presidente prev\u00ea os seguintes compromissos:<\/p>\n\n\n\n<ul class=\"wp-block-list\"><li><strong>10h:&nbsp;<\/strong>Presidente visita o acervo do Instituto Ricardo Brennand;<\/li><li><strong>10h45:<\/strong>&nbsp;Bolsonaro participa em Recife da reuni\u00e3o do conselho deliberativo da Superintend\u00eancia do Desenvolvimento do Nordeste (Sudene);<\/li><li><strong>14h30:<\/strong>&nbsp;Bolsonaro participa em Petrolina da entrega de unidades do programa habitacional Minha Casa, Minha Vida.<\/li><\/ul>\n\n\n\n<p>Na quarta-feira (21) passada, Bolsonaro recebeu deputados e senadores da bancada nordestina&nbsp;em um caf\u00e9 da manh\u00e3 no Pal\u00e1cio do Planalto. O encontro serviu de pr\u00e9via para a viagem. O presidente afirmou aos parlamentares que gostaria de ouvi-los, j\u00e1 que eles conhecem os problemas da popula\u00e7\u00e3o na regi\u00e3o.<\/p>\n\n\n\n<p>Os parlamentares, segundo o deputado J\u00falio C\u00e9sar (PSD-PI), solicitaram o fortalecimento de \u00f3rg\u00e3os na regi\u00e3o, em especial do Banco do Nordeste, e a conclus\u00e3o de obras de infraestrutura, como a transposi\u00e7\u00e3o do Rio S\u00e3o Francisco e a ferrovia Transnordestina.<\/p>\n\n\n\n<p>Para esta sexta, Bolsonaro dever\u00e1 debater, junto com governadores da regi\u00e3o, um plano regional de desenvolvimento do Nordeste (PRDNE). Segundo a Sudene, o plano regional tem previs\u00e3o de seis eixos estrat\u00e9gicos:<\/p>\n\n\n\n<ul class=\"wp-block-list\"><li>Inova\u00e7\u00e3o;<\/li><li>Desenvolvimento de capacidades humanas;<\/li><li>Dinamiza\u00e7\u00e3o e diversifica\u00e7\u00e3o produtiva;<\/li><li>Desenvolvimento social;<\/li><li>Preserva\u00e7\u00e3o ambiental;<\/li><li>Desenvolvimento institucional.<\/li><\/ul>\n\n\n\n<h2 class=\"wp-block-heading\">Elei\u00e7\u00e3o e avalia\u00e7\u00e3o do governo<\/h2>\n\n\n\n<p>O Nordeste foi a&nbsp;\u00fanica regi\u00e3o na qual Bolsonaro n\u00e3o venceu no segundo turno da elei\u00e7\u00e3o&nbsp;presidencial de 2018. Na oportunidade, o candidato Fernando Haddad (PT) registrou 69,7% dos votos v\u00e1lidos da regi\u00e3o, contra 30,3% de Bolsonaro.<\/p>\n\n\n\n<p>O Nordeste tamb\u00e9m \u00e9 a regi\u00e3o que, em abril, registrava a maior reprova\u00e7\u00e3o ao governo de Bolsonaro. Segundo&nbsp;pesquisa Datafolha divulgada em 7 de abril&nbsp;pelo jornal \u201cFolha de S.Paulo\u201d, 39% dos entrevistados avaliaram o governo do presidente com ruim ou p\u00e9ssimo.<\/p>\n\n\n\n<p>As maiores taxas de aprova\u00e7\u00e3o (percentuais de \u00f3timo\/bom) de Bolsonaro foram nas regi\u00f5es Sul (39%) e Centro-Oeste\/Norte (38%).<\/p>\n\n\n\n<p><em> G1<\/em><\/p>\n","protected":false},"excerpt":{"rendered":"<p>O presidente Jair Bolsonaro far\u00e1 nesta sexta-feira (23) sua primeira viagem desde a posse, em 1\u00ba de janeiro, a um estado do Nordeste. A estreia&hellip; <\/p>\n","protected":false},"author":1,"featured_media":95700,"comment_status":"closed","ping_status":"closed","sticky":false,"template":"","format":"standard","meta":{"sfsi_plus_gutenberg_text_before_share":"","sfsi_plus_gutenberg_show_text_before_share":"","sfsi_plus_gutenberg_icon_type":"","sfsi_plus_gutenberg_icon_alignemt":"","sfsi_plus_gutenburg_max_per_row":"","footnotes":""},"categories":[11],"tags":[],"class_list":["post-96261","post","type-post","status-publish","format-standard","has-post-thumbnail","hentry","category-politica"],"_links":{"self":[{"href":"https:\/\/www.caririemacao.com\/1\/wp-json\/wp\/v2\/posts\/96261","targetHints":{"allow":["GET"]}}],"collection":[{"href":"https:\/\/www.caririemacao.com\/1\/wp-json\/wp\/v2\/posts"}],"about":[{"href":"https:\/\/www.caririemacao.com\/1\/wp-json\/wp\/v2\/types\/post"}],"author":[{"embeddable":true,"href":"https:\/\/www.caririemacao.com\/1\/wp-json\/wp\/v2\/users\/1"}],"replies":[{"embeddable":true,"href":"https:\/\/www.caririemacao.com\/1\/wp-json\/wp\/v2\/comments?post=96261"}],"version-history":[{"count":1,"href":"https:\/\/www.caririemacao.com\/1\/wp-json\/wp\/v2\/posts\/96261\/revisions"}],"predecessor-version":[{"id":96262,"href":"https:\/\/www.caririemacao.com\/1\/wp-json\/wp\/v2\/posts\/96261\/revisions\/96262"}],"wp:featuredmedia":[{"embeddable":true,"href":"https:\/\/www.caririemacao.com\/1\/wp-json\/wp\/v2\/media\/95700"}],"wp:attachment":[{"href":"https:\/\/www.caririemacao.com\/1\/wp-json\/wp\/v2\/media?parent=96261"}],"wp:term":[{"taxonomy":"category","embeddable":true,"href":"https:\/\/www.caririemacao.com\/1\/wp-json\/wp\/v2\/categories?post=96261"},{"taxonomy":"post_tag","embeddable":true,"href":"https:\/\/www.caririemacao.com\/1\/wp-json\/wp\/v2\/tags?post=96261"}],"curies":[{"name":"wp","href":"https:\/\/api.w.org\/{rel}","templated":true}]}}