{"id":96263,"date":"2019-05-24T09:24:31","date_gmt":"2019-05-24T12:24:31","guid":{"rendered":"http:\/\/www.caririemacao.com\/1\/?p=96263"},"modified":"2019-05-24T09:26:18","modified_gmt":"2019-05-24T12:26:18","slug":"pelo-placar-minimo-botafogo-pb-perde-para-o-fortaleza-na-arena-castelao-e-vai-decidir-a-copa-do-ne-em-casa-assista-aos-melhores-momentos","status":"publish","type":"post","link":"https:\/\/www.caririemacao.com\/1\/2019\/05\/24\/pelo-placar-minimo-botafogo-pb-perde-para-o-fortaleza-na-arena-castelao-e-vai-decidir-a-copa-do-ne-em-casa-assista-aos-melhores-momentos\/","title":{"rendered":"Pelo placar m\u00ednimo, Botafogo-PB perde para o Fortaleza na Arena Castel\u00e3o e vai decidir a Copa do NE em casa."},"content":{"rendered":"\n<p>O&nbsp;<a href=\"https:\/\/www.wscom.com.br\/?s=Botafogo-PB\" target=\"_blank\" rel=\"noreferrer noopener\">Botafogo-PB<\/a>&nbsp;conseguiu segurar a press\u00e3o do Fortaleza-CE e da sua torcida durante a maior parte do tempo, mas saiu de campo derrotado pelo placar m\u00ednimo na primeira partida da decis\u00e3o da Copa do Nordeste, na noite desta quarta-feira (23), na Arena Castel\u00e3o, na Capital cearense. O Belo vai em busca de reverter o resultado diante do seu torcedor na pr\u00f3xima quarta-feira (29), \u00e0s 20h, no Est\u00e1dio Almeid\u00e3o, em Jo\u00e3o Pessoa. &nbsp;&nbsp;&nbsp;&nbsp;&nbsp;<\/p>\n\n\n\n<p>Com os desfalques de sua principal estrela, o camisa 10 Marcos Aur\u00e9lio, lesionado e fora pelo terceiro cart\u00e3o amarelo, e do volante Rog\u00e9rio, tamb\u00e9m suspenso, o t\u00e9cnico Evaristo Piza n\u00e3o conseguiu fazer a equipe repetir as boas atua\u00e7\u00f5es que marcaram a participa\u00e7\u00e3o do Belo na Copa do Nordeste. As demais estrelas alvinegras, a exemplo dos atacantes Clayton, Nando e Dico tiveram atua\u00e7\u00f5es apagadas na partida.<\/p>\n\n\n\n<p>O gol do Fortaleza foi marcado por Wellington Paulista, aos 33 minutos do segundo tempo. Ap\u00f3s cruzamento de Edinho, a zaga do Belo falhou e o experiente atacante apareceu sozinho dentro da \u00e1rea para abrir o placar. Com o resultado, o Tricolor do Pici vai jogar com vantagem no segundo jogo da final da Copa do Nordeste, em Jo\u00e3o Pessoa.<\/p>\n\n\n\n<p>O empate no duelo de volta d\u00e1 o t\u00edtulo in\u00e9dito da Copa do Nordeste ao Fortaleza. Uma vit\u00f3ria por um gol de diferen\u00e7a em prol do Botafogo-PB leva a partida para os p\u00eanaltis, em caso de triunfo por dois ou mais gols, o t\u00edtulo \u00e9 do Belo. <\/p>\n\n\n\n<p>&nbsp;<\/p>\n\n\n\n<h2 class=\"wp-block-heading\"><strong>PRIMEIRO TEMPO<\/strong><\/h2>\n\n\n\n<p>A primeira partida da final da Copa do Nordeste ficou mais marcada pela festa da torcida nas arquibancadas do Castel\u00e3o, do que propriamente pelo futebol apresentado pelos jogadores. O Botafogo-PB entrou em campo com uma proposta de jogo diferente do seu habitual, tentando apertar a marca\u00e7\u00e3o para segurar o \u00edmpeto do Fortaleza, e apostando nos contra-ataques para surpreender o advers\u00e1rio. O Tricolor do Pici, por sua vez, teve a posse de bola, mas tamb\u00e9m n\u00e3o conseguiu transformar a superioridade em gol.<\/p>\n\n\n\n<p>A melhor chance foi aos 17 minutos. Tinga recebeu dentro da \u00e1rea e cabeceou \u00e0 queima-roupa em cima de Saulo, que salvou o Botafogo. Fora isso, apenas uma tentativa de Romarinho no final da etapa inicial, mas novamente o goleiro da equipe paraibana ficou com a bola.<\/p>\n\n\n\n<figure class=\"wp-block-image\"><a href=\"https:\/\/www.wscom.com.br\/wp-content\/uploads\/2019\/05\/WhatsApp-Image-2019-05-23-at-23.02.58.jpeg\"><img decoding=\"async\" data-src=\"https:\/\/www.wscom.com.br\/wp-content\/uploads\/2019\/05\/WhatsApp-Image-2019-05-23-at-23.02.58.jpeg\" alt=\"\" class=\"wp-image-624072 lazyload\" src=\"data:image\/svg+xml;base64,PHN2ZyB3aWR0aD0iMSIgaGVpZ2h0PSIxIiB4bWxucz0iaHR0cDovL3d3dy53My5vcmcvMjAwMC9zdmciPjwvc3ZnPg==\" \/><\/a><figcaption>Belo n\u00e3o conseguiu segurar a press\u00e3o do Fortaleza no Castel\u00e3o<\/figcaption><\/figure>\n\n\n\n<h2 class=\"wp-block-heading\"><strong>SEGUNDO TEMPO<\/strong><\/h2>\n\n\n\n<p>Na segunda etapa, os jogadores voltaram dispostos a fugir da marca\u00e7\u00e3o e tentar o resultado. Mas, o panorama n\u00e3o foi diferente. As brechas na marca\u00e7\u00e3o, os problemas na cria\u00e7\u00e3o de jogadas e os erros de passe permaneceram e fizeram os t\u00e9cnicos das duas equipes promoverem v\u00e1rias mexidas.<\/p>\n\n\n\n<p>O Belo se fechou completamente em seu campo de defesa, atraindo o Fortaleza, que desperdi\u00e7ou v\u00e1rias boas oportunidades, como no chute de Romarinho, que desviou em Enercino e saiu pela linha de fundo. Aos 33 minutos o gol da partida, ap\u00f3s bela jogada de Edinho, WP9 recebeu dentro da \u00e1rea e s\u00f3 teve o trabalho de empurrar para o fundo das redes do goleiro Saulo.<\/p>\n\n\n\n<p>Mesmo ap\u00f3s o gol, o tricolor cearense continuou melhor e saiu para o abafa na tentativa de ampliar o placar. O jogo ficou aberto nos minutos finais, com as duas equipes buscando o gol. Mas ambas esbarram na defesa. Melhor para o Fortaleza, que larga na frente na briga pelo t\u00edtulo.<\/p>\n","protected":false},"excerpt":{"rendered":"<p>O&nbsp;Botafogo-PB&nbsp;conseguiu segurar a press\u00e3o do Fortaleza-CE e da sua torcida durante a maior parte do tempo, mas saiu de campo derrotado pelo placar m\u00ednimo na&hellip; <\/p>\n","protected":false},"author":1,"featured_media":91463,"comment_status":"closed","ping_status":"closed","sticky":false,"template":"","format":"standard","meta":{"sfsi_plus_gutenberg_text_before_share":"","sfsi_plus_gutenberg_show_text_before_share":"","sfsi_plus_gutenberg_icon_type":"","sfsi_plus_gutenberg_icon_alignemt":"","sfsi_plus_gutenburg_max_per_row":"","footnotes":""},"categories":[13],"tags":[],"class_list":["post-96263","post","type-post","status-publish","format-standard","has-post-thumbnail","hentry","category-esportes"],"_links":{"self":[{"href":"https:\/\/www.caririemacao.com\/1\/wp-json\/wp\/v2\/posts\/96263","targetHints":{"allow":["GET"]}}],"collection":[{"href":"https:\/\/www.caririemacao.com\/1\/wp-json\/wp\/v2\/posts"}],"about":[{"href":"https:\/\/www.caririemacao.com\/1\/wp-json\/wp\/v2\/types\/post"}],"author":[{"embeddable":true,"href":"https:\/\/www.caririemacao.com\/1\/wp-json\/wp\/v2\/users\/1"}],"replies":[{"embeddable":true,"href":"https:\/\/www.caririemacao.com\/1\/wp-json\/wp\/v2\/comments?post=96263"}],"version-history":[{"count":2,"href":"https:\/\/www.caririemacao.com\/1\/wp-json\/wp\/v2\/posts\/96263\/revisions"}],"predecessor-version":[{"id":96265,"href":"https:\/\/www.caririemacao.com\/1\/wp-json\/wp\/v2\/posts\/96263\/revisions\/96265"}],"wp:featuredmedia":[{"embeddable":true,"href":"https:\/\/www.caririemacao.com\/1\/wp-json\/wp\/v2\/media\/91463"}],"wp:attachment":[{"href":"https:\/\/www.caririemacao.com\/1\/wp-json\/wp\/v2\/media?parent=96263"}],"wp:term":[{"taxonomy":"category","embeddable":true,"href":"https:\/\/www.caririemacao.com\/1\/wp-json\/wp\/v2\/categories?post=96263"},{"taxonomy":"post_tag","embeddable":true,"href":"https:\/\/www.caririemacao.com\/1\/wp-json\/wp\/v2\/tags?post=96263"}],"curies":[{"name":"wp","href":"https:\/\/api.w.org\/{rel}","templated":true}]}}