{"id":96266,"date":"2019-05-24T09:36:13","date_gmt":"2019-05-24T12:36:13","guid":{"rendered":"http:\/\/www.caririemacao.com\/1\/?p=96266"},"modified":"2019-05-24T09:36:13","modified_gmt":"2019-05-24T12:36:13","slug":"sudene-confirma-presenca-de-bolsonaro-para-reuniao-do-condel-sobre-novo-plano-de-desenvolvimento-do-nordeste","status":"publish","type":"post","link":"https:\/\/www.caririemacao.com\/1\/2019\/05\/24\/sudene-confirma-presenca-de-bolsonaro-para-reuniao-do-condel-sobre-novo-plano-de-desenvolvimento-do-nordeste\/","title":{"rendered":"Sudene confirma presen\u00e7a de Bolsonaro para reuni\u00e3o do Condel sobre novo Plano de Desenvolvimento do Nordeste"},"content":{"rendered":"\n<p>\u00c9 a alta a expectativa para esta data. O site da Sudene veicula, j\u00e1 h\u00e1 alguns dias, a informa\u00e7\u00e3o que confirma a participa\u00e7\u00e3o do presidente da Rep\u00fablica, Jair Bolsonaro (PSL), na 25\u00aa edi\u00e7\u00e3o do colegiado, programada para esta sexta-feira, 24, diante dos governadores&nbsp; trazendo para vota\u00e7\u00e3o a proposi\u00e7\u00e3o do Plano Regional de Desenvolvimento do Nordeste (PRDNE) e do Projeto de Lei que o instituir\u00e1, a ser encaminhado ao Congresso Nacional para aprecia\u00e7\u00e3o e delibera\u00e7\u00e3o.<\/p>\n\n\n\n<p>Embora confirmada a presen\u00e7a do presidente, ainda n\u00e3o h\u00e1 informa\u00e7\u00f5es detalhadas sobre como Bolsonaro tratar\u00e1 da proposta e seus encaminhamentos.<\/p>\n\n\n\n<p>Segundo o site, a proposi\u00e7\u00e3o destaca que o plano regional \u201crepresenta o esfor\u00e7o conjunto da Sudene, dos Estados de sua \u00e1rea de atua\u00e7\u00e3o, dos Minist\u00e9rios e \u00f3rg\u00e3os federais na defini\u00e7\u00e3o de estrat\u00e9gias para a promo\u00e7\u00e3o do desenvolvimento sustent\u00e1vel, integrado e compatibilizado com as expectativas dos diferentes setores da sociedade\u201d.<\/p>\n\n\n\n<p>Para construir o PRDNE, a Sudene contou com contribui\u00e7\u00f5es de diversos segmentos, abriu consulta p\u00fablica para colher sugest\u00f5es da sociedade e promoveu encontros com representantes dos governos estaduais de sua \u00e1rea de abrang\u00eancia.<\/p>\n\n\n\n<p>O superintendente M\u00e1rio Gordilho visitou todos os governadores do Nordeste, al\u00e9m de Minas Gerias e Esp\u00edrito Santo. Segundo ele, o engajamento de todos foi fundamental para a elabora\u00e7\u00e3o do plano.<\/p>\n","protected":false},"excerpt":{"rendered":"<p>\u00c9 a alta a expectativa para esta data. O site da Sudene veicula, j\u00e1 h\u00e1 alguns dias, a informa\u00e7\u00e3o que confirma a participa\u00e7\u00e3o do presidente&hellip; <\/p>\n","protected":false},"author":1,"featured_media":92545,"comment_status":"closed","ping_status":"closed","sticky":false,"template":"","format":"standard","meta":{"sfsi_plus_gutenberg_text_before_share":"","sfsi_plus_gutenberg_show_text_before_share":"","sfsi_plus_gutenberg_icon_type":"","sfsi_plus_gutenberg_icon_alignemt":"","sfsi_plus_gutenburg_max_per_row":"","footnotes":""},"categories":[11],"tags":[],"class_list":["post-96266","post","type-post","status-publish","format-standard","has-post-thumbnail","hentry","category-politica"],"_links":{"self":[{"href":"https:\/\/www.caririemacao.com\/1\/wp-json\/wp\/v2\/posts\/96266","targetHints":{"allow":["GET"]}}],"collection":[{"href":"https:\/\/www.caririemacao.com\/1\/wp-json\/wp\/v2\/posts"}],"about":[{"href":"https:\/\/www.caririemacao.com\/1\/wp-json\/wp\/v2\/types\/post"}],"author":[{"embeddable":true,"href":"https:\/\/www.caririemacao.com\/1\/wp-json\/wp\/v2\/users\/1"}],"replies":[{"embeddable":true,"href":"https:\/\/www.caririemacao.com\/1\/wp-json\/wp\/v2\/comments?post=96266"}],"version-history":[{"count":1,"href":"https:\/\/www.caririemacao.com\/1\/wp-json\/wp\/v2\/posts\/96266\/revisions"}],"predecessor-version":[{"id":96267,"href":"https:\/\/www.caririemacao.com\/1\/wp-json\/wp\/v2\/posts\/96266\/revisions\/96267"}],"wp:featuredmedia":[{"embeddable":true,"href":"https:\/\/www.caririemacao.com\/1\/wp-json\/wp\/v2\/media\/92545"}],"wp:attachment":[{"href":"https:\/\/www.caririemacao.com\/1\/wp-json\/wp\/v2\/media?parent=96266"}],"wp:term":[{"taxonomy":"category","embeddable":true,"href":"https:\/\/www.caririemacao.com\/1\/wp-json\/wp\/v2\/categories?post=96266"},{"taxonomy":"post_tag","embeddable":true,"href":"https:\/\/www.caririemacao.com\/1\/wp-json\/wp\/v2\/tags?post=96266"}],"curies":[{"name":"wp","href":"https:\/\/api.w.org\/{rel}","templated":true}]}}