{"id":96268,"date":"2019-05-24T12:25:06","date_gmt":"2019-05-24T15:25:06","guid":{"rendered":"http:\/\/www.caririemacao.com\/1\/?p=96268"},"modified":"2019-05-24T18:18:10","modified_gmt":"2019-05-24T21:18:10","slug":"ponte-preta-de-sume-desbanca-sao-bento-e-assegura-vaga-na-final-da-copa-cariri-de-futsal-2019","status":"publish","type":"post","link":"https:\/\/www.caririemacao.com\/1\/2019\/05\/24\/ponte-preta-de-sume-desbanca-sao-bento-e-assegura-vaga-na-final-da-copa-cariri-de-futsal-2019\/","title":{"rendered":"Ponte Preta de Sum\u00e9 desbanca S\u00e3o Bento e assegura vaga na final da Copa Cariri de Futsal 2019"},"content":{"rendered":"\n<p>A equipe da Ponte Preta de Sum\u00e9 \u00e9 o primeiro finalista da Copa Cariri de Futsal 2019. Ap\u00f3s conseguir uma importante vit\u00f3ria fora de casa, a equipe da casa jogando na noite desta quinta-feira(23) no gin\u00e1sio de Esportes \u2018O Net\u00e3o\u2019, empatou por 3 x 3 com a equipe do S\u00e3o Bento de Boa Vista e conquistou a vaga para a grande final do certame.<\/p>\n\n\n\n<p>O gin\u00e1sio de esportes de Sum\u00e9 recebeu um grande n\u00famero e presenciaram uma eletrizante partida, digna de semifinal de Copa Cariri de Futsal. Com bastantes gols em quadra, as equipes mostraram o forte equil\u00edbrio entre os elencos das agremia\u00e7\u00f5es e o resultado deste equil\u00edbrio, acabou sendo o empate.<\/p>\n\n\n\n<p>Em placar agregado em 7 \u00e0 5, a Ponte Preta de Sum\u00e9 assegura a vaga para a final e aguardar\u00e1 o duelo desta sexta-feira(24) entre as equipes do Juventude de Cabaceiras e a Sele\u00e7\u00e3o de Sum\u00e9. O duelo tamb\u00e9m acontecer\u00e1 no gin\u00e1sio \u2018O Net\u00e3o\u2019. Na primeira partida, a equipe do Juventude venceu pelo placar de 3 x 1, levando uma importante vantagem para o duelo desta sexta-feira.<\/p>\n\n\n\n<p>Ap\u00f3s conhecer os finalistas da edi\u00e7\u00e3o 2019, a coordena\u00e7\u00e3o da Copa Cariri de Futsal definir\u00e1 posteriormente qual cidade da regi\u00e3o do Cariri ir\u00e1 sediar a grande e decisiva final da Copa Cariri de Futsal 2019.<\/p>\n\n\n\n<p>Cariri Esporte<\/p>\n","protected":false},"excerpt":{"rendered":"<p>A equipe da Ponte Preta de Sum\u00e9 \u00e9 o primeiro finalista da Copa Cariri de Futsal 2019. Ap\u00f3s conseguir uma importante vit\u00f3ria fora de casa,&hellip; <\/p>\n","protected":false},"author":2,"featured_media":96269,"comment_status":"closed","ping_status":"closed","sticky":false,"template":"","format":"standard","meta":{"sfsi_plus_gutenberg_text_before_share":"","sfsi_plus_gutenberg_show_text_before_share":"","sfsi_plus_gutenberg_icon_type":"","sfsi_plus_gutenberg_icon_alignemt":"","sfsi_plus_gutenburg_max_per_row":"","footnotes":""},"categories":[13],"tags":[],"class_list":["post-96268","post","type-post","status-publish","format-standard","has-post-thumbnail","hentry","category-esportes"],"_links":{"self":[{"href":"https:\/\/www.caririemacao.com\/1\/wp-json\/wp\/v2\/posts\/96268","targetHints":{"allow":["GET"]}}],"collection":[{"href":"https:\/\/www.caririemacao.com\/1\/wp-json\/wp\/v2\/posts"}],"about":[{"href":"https:\/\/www.caririemacao.com\/1\/wp-json\/wp\/v2\/types\/post"}],"author":[{"embeddable":true,"href":"https:\/\/www.caririemacao.com\/1\/wp-json\/wp\/v2\/users\/2"}],"replies":[{"embeddable":true,"href":"https:\/\/www.caririemacao.com\/1\/wp-json\/wp\/v2\/comments?post=96268"}],"version-history":[{"count":2,"href":"https:\/\/www.caririemacao.com\/1\/wp-json\/wp\/v2\/posts\/96268\/revisions"}],"predecessor-version":[{"id":96357,"href":"https:\/\/www.caririemacao.com\/1\/wp-json\/wp\/v2\/posts\/96268\/revisions\/96357"}],"wp:featuredmedia":[{"embeddable":true,"href":"https:\/\/www.caririemacao.com\/1\/wp-json\/wp\/v2\/media\/96269"}],"wp:attachment":[{"href":"https:\/\/www.caririemacao.com\/1\/wp-json\/wp\/v2\/media?parent=96268"}],"wp:term":[{"taxonomy":"category","embeddable":true,"href":"https:\/\/www.caririemacao.com\/1\/wp-json\/wp\/v2\/categories?post=96268"},{"taxonomy":"post_tag","embeddable":true,"href":"https:\/\/www.caririemacao.com\/1\/wp-json\/wp\/v2\/tags?post=96268"}],"curies":[{"name":"wp","href":"https:\/\/api.w.org\/{rel}","templated":true}]}}