{"id":96280,"date":"2019-05-24T13:39:22","date_gmt":"2019-05-24T16:39:22","guid":{"rendered":"http:\/\/www.caririemacao.com\/1\/?p=96280"},"modified":"2019-05-24T13:39:22","modified_gmt":"2019-05-24T16:39:22","slug":"ex-ministro-de-lula-e-dilma-vira-reu-devido-a-fraudes-bilionarias","status":"publish","type":"post","link":"https:\/\/www.caririemacao.com\/1\/2019\/05\/24\/ex-ministro-de-lula-e-dilma-vira-reu-devido-a-fraudes-bilionarias\/","title":{"rendered":"Ex-ministro de Lula e Dilma vira r\u00e9u devido a fraudes bilion\u00e1rias"},"content":{"rendered":"\n<p>O juiz Vinicius Reis Bastos, da 12\u00aa Vara Federal de Bras\u00edlia, aceitou ontem (23) den\u00fancia contra o ex-ministro da Fazenda, Guido Mantega, e o ex-presidente do Banco Nacional de Desenvolvimento Econ\u00f4mico e Social (BNDES), Luciano Coutinho, no \u00e2mbito da Opera\u00e7\u00e3o Bullish.<\/p>\n\n\n\n<p>Segundo a den\u00fancia, ambos participaram em desvios no banco p\u00fablico que teriam resultado em benef\u00edcios indevidos de at\u00e9 R$ 8,1 bilh\u00f5es em favor da empresa JBS.<\/p>\n\n\n\n<p>As opera\u00e7\u00f5es irregulares ocorreram entre junho de 2007 e dezembro de 2009, de acordo com a acusa\u00e7\u00e3o do Minist\u00e9rio P\u00fablico Federal (MPF).<\/p>\n\n\n\n<figure class=\"wp-block-image\"><img decoding=\"async\" data-src=\"https:\/\/paraibaonline.com.br\/wp-content\/uploads\/2016\/06\/Guido-Mantega.jpg\" alt=\"\" class=\"wp-image-76758 lazyload\" src=\"data:image\/svg+xml;base64,PHN2ZyB3aWR0aD0iMSIgaGVpZ2h0PSIxIiB4bWxucz0iaHR0cDovL3d3dy53My5vcmcvMjAwMC9zdmciPjwvc3ZnPg==\" \/><\/figure>\n\n\n\n<p>Foto: Ag\u00eancia Brasil<\/p>\n\n\n\n<p>Os dois v\u00e3o responder pelos crimes de forma\u00e7\u00e3o de quadrilha, gest\u00e3o fraudulenta e pr\u00e1ticas contra o sistema financeiro nacional. Mantega ainda responder\u00e1 por corrup\u00e7\u00e3o passiva.<\/p>\n\n\n\n<p>A acusa\u00e7\u00e3o tem entre seus pontos de partida as dela\u00e7\u00f5es premiadas de ex-executivos da JBS, entre os quais Joesley Batista, um dos donos.<\/p>\n\n\n\n<p>O magistrado, por\u00e9m, n\u00e3o aceitou a parte da acusa\u00e7\u00e3o contra o empres\u00e1rio, por entender que ele est\u00e1 protegido pelo \u201cbenef\u00edcio legal do n\u00e3o oferecimento de den\u00fancia\u201d, previsto em seu acordo de colabora\u00e7\u00e3o com MPF.<\/p>\n\n\n\n<p>Outras tr\u00eas pessoas tamb\u00e9m se tornaram r\u00e9s: Victor Garcia Sandri, Gon\u00e7alo Ivens Ferraz Da Cunha e S\u00e1 e Leonardo Vilardo Mantega.<\/p>\n\n\n\n<p>A den\u00fancia, apresentada em mar\u00e7o, abrangia mais seis pessoas, incluindo o ex-ministro Ant\u00f4nio Palocci, mas o juiz considerou que contra elas n\u00e3o havia ind\u00edcios suficientes para justificar o recebimento da acusa\u00e7\u00e3o.<\/p>\n\n\n\n<p>Segundo narra a den\u00fancia, o esquema objetivava a aprova\u00e7\u00e3o de empr\u00e9stimos \u00e0 JBS em contrariedade a normas da Comiss\u00e3o de Valores Mobili\u00e1rios (CVM).<\/p>\n\n\n\n<p>Em troca, a empresa repassava quantias a intermedi\u00e1rios por meio de notas frias e investimentos fict\u00edcios.<\/p>\n\n\n\n<p>Somente Victor Sandri, ex-assessor de Mantega, teria recebido R$ 5 bilh\u00f5es da JBS sem prestar qualquer servi\u00e7o, e mais R$ 67 milh\u00f5es em contas no exterior.<\/p>\n\n\n\n<p>Ele vai responder pelos crimes de forma\u00e7\u00e3o de quadrilha, corrup\u00e7\u00e3o, gest\u00e3o fraudulenta e prevarica\u00e7\u00e3o.<\/p>\n\n\n\n<p>\u00c0 \u00e9poca em que a den\u00fancia foi apresentada, o ex-ministro Guido Mantega e sua defesa preferiram n\u00e3o comentar. A defesa de Luciano Coutinho negou as acusa\u00e7\u00f5es.<\/p>\n","protected":false},"excerpt":{"rendered":"<p>O juiz Vinicius Reis Bastos, da 12\u00aa Vara Federal de Bras\u00edlia, aceitou ontem (23) den\u00fancia contra o ex-ministro da Fazenda, Guido Mantega, e o ex-presidente&hellip; <\/p>\n","protected":false},"author":1,"featured_media":96281,"comment_status":"closed","ping_status":"closed","sticky":false,"template":"","format":"standard","meta":{"sfsi_plus_gutenberg_text_before_share":"","sfsi_plus_gutenberg_show_text_before_share":"","sfsi_plus_gutenberg_icon_type":"","sfsi_plus_gutenberg_icon_alignemt":"","sfsi_plus_gutenburg_max_per_row":"","footnotes":""},"categories":[2],"tags":[],"class_list":["post-96280","post","type-post","status-publish","format-standard","has-post-thumbnail","hentry","category-geral"],"_links":{"self":[{"href":"https:\/\/www.caririemacao.com\/1\/wp-json\/wp\/v2\/posts\/96280","targetHints":{"allow":["GET"]}}],"collection":[{"href":"https:\/\/www.caririemacao.com\/1\/wp-json\/wp\/v2\/posts"}],"about":[{"href":"https:\/\/www.caririemacao.com\/1\/wp-json\/wp\/v2\/types\/post"}],"author":[{"embeddable":true,"href":"https:\/\/www.caririemacao.com\/1\/wp-json\/wp\/v2\/users\/1"}],"replies":[{"embeddable":true,"href":"https:\/\/www.caririemacao.com\/1\/wp-json\/wp\/v2\/comments?post=96280"}],"version-history":[{"count":1,"href":"https:\/\/www.caririemacao.com\/1\/wp-json\/wp\/v2\/posts\/96280\/revisions"}],"predecessor-version":[{"id":96282,"href":"https:\/\/www.caririemacao.com\/1\/wp-json\/wp\/v2\/posts\/96280\/revisions\/96282"}],"wp:featuredmedia":[{"embeddable":true,"href":"https:\/\/www.caririemacao.com\/1\/wp-json\/wp\/v2\/media\/96281"}],"wp:attachment":[{"href":"https:\/\/www.caririemacao.com\/1\/wp-json\/wp\/v2\/media?parent=96280"}],"wp:term":[{"taxonomy":"category","embeddable":true,"href":"https:\/\/www.caririemacao.com\/1\/wp-json\/wp\/v2\/categories?post=96280"},{"taxonomy":"post_tag","embeddable":true,"href":"https:\/\/www.caririemacao.com\/1\/wp-json\/wp\/v2\/tags?post=96280"}],"curies":[{"name":"wp","href":"https:\/\/api.w.org\/{rel}","templated":true}]}}