{"id":96283,"date":"2019-05-24T13:43:30","date_gmt":"2019-05-24T16:43:30","guid":{"rendered":"http:\/\/www.caririemacao.com\/1\/?p=96283"},"modified":"2019-05-24T13:43:30","modified_gmt":"2019-05-24T16:43:30","slug":"justica-bloqueia-r-357-bilhoes-do-mdb-psb-politicos-e-empresas","status":"publish","type":"post","link":"https:\/\/www.caririemacao.com\/1\/2019\/05\/24\/justica-bloqueia-r-357-bilhoes-do-mdb-psb-politicos-e-empresas\/","title":{"rendered":"Justi\u00e7a bloqueia R$ 3,57 bilh\u00f5es do MDB, PSB, pol\u00edticos e empresas"},"content":{"rendered":"\n<p>O Tribunal Regional Federal da 4\u00aa Regi\u00e3o (TRF4) determinou o bloqueio de mais de R$ 3,57 bilh\u00f5es, incluindo valores e bens dos partidos MDB e PSB, de empresas, pol\u00edticos e outros indiv\u00edduos. Cabe recurso da decis\u00e3o.&nbsp;<\/p>\n\n\n\n<p>O bloqueio abrange R$ 1.894.115.049,55&nbsp;do MDB, de Valdir Raupp (MDB-RO), da Vital Engenharia Ambiental, de Andr\u00e9 Gustavo de Farias Ferreira, de Augusto Amorim Costa, de Othon Zanoide de Moraes Filho, Petr\u00f4nio Braz Junior e esp\u00f3lio de Ildefonso Colares Filho; e mais R$ 816.846.210,75&nbsp;do PSB. O deputado Eduardo da Fonte (PP-PE), por sua vez, teve&nbsp; R$ 333.344.350,00&nbsp;bloqueados.&nbsp;<\/p>\n\n\n\n<p>Tamb\u00e9m foi alvo da decis\u00e3o o senador Fernando Bezerra (PSB-PE)&nbsp;que, junto com o esp\u00f3lio de Eduardo Campos, pol\u00edtico do PSB j\u00e1 falecido, teve bloqueados R$ 258.707.112,76.<\/p>\n\n\n\n<p>Os bloqueios foram pedidos pelo Minist\u00e9rio P\u00fablico Federal (MPF) no \u00e2mbito de uma a\u00e7\u00e3o de improbidade administrativa ainda inconclusa que trata&nbsp;de desvios na Petrobras investigados pela Lava Jato.<\/p>\n\n\n\n<p>Pela decis\u00e3o, o bloqueio visa &#8220;garantir a efetividade do resultado final da a\u00e7\u00e3o \u2013 em que apurada a exist\u00eancia de um amplo esquema criminoso, com preju\u00edzos expressivos para toda a sociedade&#8221;.&nbsp;<\/p>\n\n\n\n<p>Em rela\u00e7\u00e3o aos partidos pol\u00edticos, a for\u00e7a-tarefa da Lava Jato e a Petrobras pediram que o bloqueio n\u00e3o alcance as verbas repassadas por meio do fundo partid\u00e1rio&nbsp;que, pela lei, s\u00e3o impenhor\u00e1veis.<\/p>\n\n\n\n<p>A medida concedida pelo TRF4 diz respeito a dois esquemas de corrup\u00e7\u00e3o: um envolvendo contratos vinculados \u00e0 Diretoria de Abastecimento da Petrobras com a construtora Queiroz Galv\u00e3o; outro correspondente ao que seria o pagamento de propinas no \u00e2mbito da Comiss\u00e3o Parlamentar de Inqu\u00e9rito encarregada de apurar os fatos, para acobertar o esquema instaurado pelas empreiteiras e ex-dirigentes.<\/p>\n\n\n\n<p>A&nbsp;<strong>Ag\u00eancia Brasil<\/strong>&nbsp;tenta contato com a defesa dos citados.&nbsp;&nbsp;<\/p>\n\n\n\n<p>A Justi\u00e7a pediu ainda o bloqueio de&nbsp;R$ 107.781.450,00&nbsp;do esp\u00f3lio de S\u00e9rgio Guerra;&nbsp;R$ 200.000,00 de Maria Cleia Santos de Oliveira e Pedro Roberto Rocha;&nbsp;R$ 162.899.489,88&nbsp;de Aldo Guedes \u00c1lvaro e&nbsp;3% do faturamento da Queiroz Galv\u00e3o.<\/p>\n","protected":false},"excerpt":{"rendered":"<p>O Tribunal Regional Federal da 4\u00aa Regi\u00e3o (TRF4) determinou o bloqueio de mais de R$ 3,57 bilh\u00f5es, incluindo valores e bens dos partidos MDB e&hellip; <\/p>\n","protected":false},"author":1,"featured_media":27293,"comment_status":"closed","ping_status":"closed","sticky":false,"template":"","format":"standard","meta":{"sfsi_plus_gutenberg_text_before_share":"","sfsi_plus_gutenberg_show_text_before_share":"","sfsi_plus_gutenberg_icon_type":"","sfsi_plus_gutenberg_icon_alignemt":"","sfsi_plus_gutenburg_max_per_row":"","footnotes":""},"categories":[2],"tags":[],"class_list":["post-96283","post","type-post","status-publish","format-standard","has-post-thumbnail","hentry","category-geral"],"_links":{"self":[{"href":"https:\/\/www.caririemacao.com\/1\/wp-json\/wp\/v2\/posts\/96283","targetHints":{"allow":["GET"]}}],"collection":[{"href":"https:\/\/www.caririemacao.com\/1\/wp-json\/wp\/v2\/posts"}],"about":[{"href":"https:\/\/www.caririemacao.com\/1\/wp-json\/wp\/v2\/types\/post"}],"author":[{"embeddable":true,"href":"https:\/\/www.caririemacao.com\/1\/wp-json\/wp\/v2\/users\/1"}],"replies":[{"embeddable":true,"href":"https:\/\/www.caririemacao.com\/1\/wp-json\/wp\/v2\/comments?post=96283"}],"version-history":[{"count":1,"href":"https:\/\/www.caririemacao.com\/1\/wp-json\/wp\/v2\/posts\/96283\/revisions"}],"predecessor-version":[{"id":96284,"href":"https:\/\/www.caririemacao.com\/1\/wp-json\/wp\/v2\/posts\/96283\/revisions\/96284"}],"wp:featuredmedia":[{"embeddable":true,"href":"https:\/\/www.caririemacao.com\/1\/wp-json\/wp\/v2\/media\/27293"}],"wp:attachment":[{"href":"https:\/\/www.caririemacao.com\/1\/wp-json\/wp\/v2\/media?parent=96283"}],"wp:term":[{"taxonomy":"category","embeddable":true,"href":"https:\/\/www.caririemacao.com\/1\/wp-json\/wp\/v2\/categories?post=96283"},{"taxonomy":"post_tag","embeddable":true,"href":"https:\/\/www.caririemacao.com\/1\/wp-json\/wp\/v2\/tags?post=96283"}],"curies":[{"name":"wp","href":"https:\/\/api.w.org\/{rel}","templated":true}]}}