{"id":96292,"date":"2019-05-24T14:07:26","date_gmt":"2019-05-24T17:07:26","guid":{"rendered":"http:\/\/www.caririemacao.com\/1\/?p=96292"},"modified":"2019-05-24T14:07:26","modified_gmt":"2019-05-24T17:07:26","slug":"atencao-ministro-da-economia-ameaca-pedir-demissao-do-cargo","status":"publish","type":"post","link":"https:\/\/www.caririemacao.com\/1\/2019\/05\/24\/atencao-ministro-da-economia-ameaca-pedir-demissao-do-cargo\/","title":{"rendered":"Aten\u00e7\u00e3o! Ministro da Economia amea\u00e7a pedir demiss\u00e3o do cargo"},"content":{"rendered":"\n<p>O ministro da Economia, Paulo Guedes, fez um diagn\u00f3stico bastante pessimista para um cen\u00e1rio no qual a reforma da Previd\u00eancia n\u00e3o passe ou ainda seja aprovada como um remendo.<\/p>\n\n\n\n<p>Em entrevista \u00e0 revista Veja, Guedes afirma que, no curto prazo, o Brasil pode virar uma Argentina, com 30% a 40% de infla\u00e7\u00e3o.<\/p>\n\n\n\n<p>A m\u00e9dio prazo, e antes de o governo acabar, pode chegar a se tornar uma Venezuela, com desabastecimento, infla\u00e7\u00e3o alta, d\u00f3lar explodindo, zero investimento, desemprego elevado, atraso de sal\u00e1rios, atraso de pagamentos a aposentados e pensionistas.<\/p>\n\n\n\n<p>Para o ministro, se os parlamentares aprovarem algo com uma economia menor do que R$ 800 bilh\u00f5es, seria um remendo da velha Previd\u00eancia que est\u00e1 falida e ele iria embora.<\/p>\n\n\n\n<p>\u201cDeixa eu te falar um neg\u00f3cio que \u00e9 importante. Eu n\u00e3o sou irrespons\u00e1vel. Eu n\u00e3o sou inconsequente. Ah, n\u00e3o aprovou a reforma, vou embora no dia seguinte. N\u00e3o existe isso. Agora, posso perfeitamente dizer assim: \u2018Olha, j\u00e1 fiz o que tinha de ter sido feito. N\u00e3o estou com vontade de ficar, vou dar uns meses, justamente para n\u00e3o criar problemas, mas n\u00e3o d\u00e1 para permanecer no cargo\u2019. Se s\u00f3 eu quero a reforma, vou embora para casa. Se eu sentir que o presidente n\u00e3o quer a reforma, a m\u00eddia est\u00e1 a fim s\u00f3 de bagun\u00e7ar, a oposi\u00e7\u00e3o quer tumultuar, explodir e correr o risco de ter um confronto s\u00e9rio\u2026 pego o avi\u00e3o e vou morar l\u00e1 fora\u201d, discorreu o ministro.<\/p>\n","protected":false},"excerpt":{"rendered":"<p>O ministro da Economia, Paulo Guedes, fez um diagn\u00f3stico bastante pessimista para um cen\u00e1rio no qual a reforma da Previd\u00eancia n\u00e3o passe ou ainda seja&hellip; <\/p>\n","protected":false},"author":1,"featured_media":96293,"comment_status":"closed","ping_status":"closed","sticky":false,"template":"","format":"standard","meta":{"sfsi_plus_gutenberg_text_before_share":"","sfsi_plus_gutenberg_show_text_before_share":"","sfsi_plus_gutenberg_icon_type":"","sfsi_plus_gutenberg_icon_alignemt":"","sfsi_plus_gutenburg_max_per_row":"","footnotes":""},"categories":[11],"tags":[],"class_list":["post-96292","post","type-post","status-publish","format-standard","has-post-thumbnail","hentry","category-politica"],"_links":{"self":[{"href":"https:\/\/www.caririemacao.com\/1\/wp-json\/wp\/v2\/posts\/96292","targetHints":{"allow":["GET"]}}],"collection":[{"href":"https:\/\/www.caririemacao.com\/1\/wp-json\/wp\/v2\/posts"}],"about":[{"href":"https:\/\/www.caririemacao.com\/1\/wp-json\/wp\/v2\/types\/post"}],"author":[{"embeddable":true,"href":"https:\/\/www.caririemacao.com\/1\/wp-json\/wp\/v2\/users\/1"}],"replies":[{"embeddable":true,"href":"https:\/\/www.caririemacao.com\/1\/wp-json\/wp\/v2\/comments?post=96292"}],"version-history":[{"count":1,"href":"https:\/\/www.caririemacao.com\/1\/wp-json\/wp\/v2\/posts\/96292\/revisions"}],"predecessor-version":[{"id":96294,"href":"https:\/\/www.caririemacao.com\/1\/wp-json\/wp\/v2\/posts\/96292\/revisions\/96294"}],"wp:featuredmedia":[{"embeddable":true,"href":"https:\/\/www.caririemacao.com\/1\/wp-json\/wp\/v2\/media\/96293"}],"wp:attachment":[{"href":"https:\/\/www.caririemacao.com\/1\/wp-json\/wp\/v2\/media?parent=96292"}],"wp:term":[{"taxonomy":"category","embeddable":true,"href":"https:\/\/www.caririemacao.com\/1\/wp-json\/wp\/v2\/categories?post=96292"},{"taxonomy":"post_tag","embeddable":true,"href":"https:\/\/www.caririemacao.com\/1\/wp-json\/wp\/v2\/tags?post=96292"}],"curies":[{"name":"wp","href":"https:\/\/api.w.org\/{rel}","templated":true}]}}