{"id":96295,"date":"2019-05-24T14:23:24","date_gmt":"2019-05-24T17:23:24","guid":{"rendered":"http:\/\/www.caririemacao.com\/1\/?p=96295"},"modified":"2019-05-24T14:23:24","modified_gmt":"2019-05-24T17:23:24","slug":"urgente-prefeito-paraibano-renuncia-mandato","status":"publish","type":"post","link":"https:\/\/www.caririemacao.com\/1\/2019\/05\/24\/urgente-prefeito-paraibano-renuncia-mandato\/","title":{"rendered":"Urgente: prefeito paraibano renuncia mandato"},"content":{"rendered":"\n<figure class=\"wp-block-image\"><img decoding=\"async\" data-src=\"http:\/\/www.blogdobrunolira.com.br\/wp-content\/uploads\/2019\/05\/Screenshot_20190524-1409442-740x414.png\" alt=\"\" src=\"data:image\/svg+xml;base64,PHN2ZyB3aWR0aD0iMSIgaGVpZ2h0PSIxIiB4bWxucz0iaHR0cDovL3d3dy53My5vcmcvMjAwMC9zdmciPjwvc3ZnPg==\" class=\"lazyload\" style=\"--smush-placeholder-width: 740px; --smush-placeholder-aspect-ratio: 740\/414;\" \/><\/figure>\n\n\n\n<p>O prefeito de Pedra Branca, no Vale do Pianc\u00f3, Sert\u00e3o da Para\u00edba, Ant\u00f4nio Gois (PR), renunciou ao cargo na amanh\u00e3 desta quinta-feira (23). Ele encaminhou, inclusive, carta para a presid\u00eancia da C\u00e2mara Municipal informando da decis\u00e3o. Ant\u00f4nio elencou os benef\u00edcios que realizou pela prefeitura, agradeceu aos colaboradores e disse que est\u00e1 atendendo a um pedido dos filhos \u201ccom o cora\u00e7\u00e3o apertado\u201d.<\/p>\n\n\n\n<p>Durante a gest\u00e3o, Gois foi alvo de opera\u00e7\u00f5es do Minist\u00e9rio P\u00fablico da Para\u00edba (MPPB) e da Pol\u00edcia Civil, sob acusa\u00e7\u00e3o de fraude em licita\u00e7\u00f5es no munic\u00edpio. Chegou a ser preso, juntamente com mais outros secret\u00e1rios e gestores. Ele diz que \u00e9 inocente.<\/p>\n\n\n\n<p>\u201cSaio de consci\u00eancia tranquila\u201d, afirmou, adiantando ter sido v\u00edtima de persegui\u00e7\u00f5es dos opositores pol\u00edticos. O vice-prefeito Gilberto J\u00fanior assumir\u00e1 a gest\u00e3o.<\/p>\n\n\n\n<p>Confira a carta de ren\u00fancia:<\/p>\n\n\n\n<figure class=\"wp-block-image\"><img decoding=\"async\" data-src=\"http:\/\/www.blogdobrunolira.com.br\/wp-content\/uploads\/2019\/05\/CARTA-PREFEITO.jpg\" alt=\"\" class=\"wp-image-11992 lazyload\" src=\"data:image\/svg+xml;base64,PHN2ZyB3aWR0aD0iMSIgaGVpZ2h0PSIxIiB4bWxucz0iaHR0cDovL3d3dy53My5vcmcvMjAwMC9zdmciPjwvc3ZnPg==\" \/><\/figure>\n","protected":false},"excerpt":{"rendered":"<p>O prefeito de Pedra Branca, no Vale do Pianc\u00f3, Sert\u00e3o da Para\u00edba, Ant\u00f4nio Gois (PR), renunciou ao cargo na amanh\u00e3 desta quinta-feira (23). Ele encaminhou,&hellip; <\/p>\n","protected":false},"author":1,"featured_media":81182,"comment_status":"closed","ping_status":"closed","sticky":false,"template":"","format":"standard","meta":{"sfsi_plus_gutenberg_text_before_share":"","sfsi_plus_gutenberg_show_text_before_share":"","sfsi_plus_gutenberg_icon_type":"","sfsi_plus_gutenberg_icon_alignemt":"","sfsi_plus_gutenburg_max_per_row":"","footnotes":""},"categories":[2],"tags":[],"class_list":["post-96295","post","type-post","status-publish","format-standard","has-post-thumbnail","hentry","category-geral"],"_links":{"self":[{"href":"https:\/\/www.caririemacao.com\/1\/wp-json\/wp\/v2\/posts\/96295","targetHints":{"allow":["GET"]}}],"collection":[{"href":"https:\/\/www.caririemacao.com\/1\/wp-json\/wp\/v2\/posts"}],"about":[{"href":"https:\/\/www.caririemacao.com\/1\/wp-json\/wp\/v2\/types\/post"}],"author":[{"embeddable":true,"href":"https:\/\/www.caririemacao.com\/1\/wp-json\/wp\/v2\/users\/1"}],"replies":[{"embeddable":true,"href":"https:\/\/www.caririemacao.com\/1\/wp-json\/wp\/v2\/comments?post=96295"}],"version-history":[{"count":1,"href":"https:\/\/www.caririemacao.com\/1\/wp-json\/wp\/v2\/posts\/96295\/revisions"}],"predecessor-version":[{"id":96296,"href":"https:\/\/www.caririemacao.com\/1\/wp-json\/wp\/v2\/posts\/96295\/revisions\/96296"}],"wp:featuredmedia":[{"embeddable":true,"href":"https:\/\/www.caririemacao.com\/1\/wp-json\/wp\/v2\/media\/81182"}],"wp:attachment":[{"href":"https:\/\/www.caririemacao.com\/1\/wp-json\/wp\/v2\/media?parent=96295"}],"wp:term":[{"taxonomy":"category","embeddable":true,"href":"https:\/\/www.caririemacao.com\/1\/wp-json\/wp\/v2\/categories?post=96295"},{"taxonomy":"post_tag","embeddable":true,"href":"https:\/\/www.caririemacao.com\/1\/wp-json\/wp\/v2\/tags?post=96295"}],"curies":[{"name":"wp","href":"https:\/\/api.w.org\/{rel}","templated":true}]}}