{"id":96297,"date":"2019-05-24T14:25:13","date_gmt":"2019-05-24T17:25:13","guid":{"rendered":"http:\/\/www.caririemacao.com\/1\/?p=96297"},"modified":"2019-05-24T14:25:13","modified_gmt":"2019-05-24T17:25:13","slug":"prefeitura-de-sume-fecha-parceria-com-a-unip-e-funcionarios-terao-desconto-de-30-para-cursos-de-nivel-superior","status":"publish","type":"post","link":"https:\/\/www.caririemacao.com\/1\/2019\/05\/24\/prefeitura-de-sume-fecha-parceria-com-a-unip-e-funcionarios-terao-desconto-de-30-para-cursos-de-nivel-superior\/","title":{"rendered":"Prefeitura de Sum\u00e9 fecha parceria com a UNIP e funcion\u00e1rios ter\u00e3o desconto de 30% para cursos de n\u00edvel superior"},"content":{"rendered":"\n<p>Nesta quinta-feira, 23, o prefeito \u00c9den Duarte recebeu o representante da Universidade Paulista (Unip), Andr\u00e9 Santos, para celebrarem uma importante parceria que ir\u00e1 beneficiar os funcion\u00e1rios p\u00fablicos do munic\u00edpio de Sum\u00e9.<\/p>\n\n\n\n<p>Conforme a parceria firmada entre a universidade e a prefeitura, os funcion\u00e1rios que quiserem estudar na Unip ter\u00e3o um desconto de 30% no valor da mensalidade.<\/p>\n\n\n\n<p>A Unip oferece diversos cursos como: administra\u00e7\u00e3o, licenciatura, pedagogia, gest\u00e3o financeira, gest\u00e3o comercial, assist\u00eancia social, somados a mais de 50 cursos de gradua\u00e7\u00e3o na plataforma EAD- ensino \u00e0 dist\u00e2ncia, disponibilizados atrav\u00e9s da internet com provas presenciais a cada dois meses. Os cursos ofertados s\u00e3o reconhecidos pelo Minist\u00e9rio da Educa\u00e7\u00e3o.<\/p>\n\n\n\n<p>Esta \u00e9 mais uma iniciativa do governo municipal para incentivar os servidores, ajudando-os a garantir acesso educacional em n\u00edvel superior.<\/p>\n\n\n\n<p>De acordo com o prefeito \u00c9den Duarte, o objetivo da parceria \u00e9 proporcionar as condi\u00e7\u00f5es para que os servidores fa\u00e7am uma gradua\u00e7\u00e3o com valores acess\u00edveis. Durante a reuni\u00e3o foi discutido a possibilidade da Faculdade Paulista instalar um Polo no munic\u00edpio de Sum\u00e9, aproximando-se dos futuros alunos e gerando emprego para a popula\u00e7\u00e3o.<\/p>\n\n\n\n<p>De acordo com Andr\u00e9 Santos, representante da UNIP, os funcion\u00e1rios da Prefeitura de Sum\u00e9 interessados nos cursos podem procurar o polo de Monteiro, pr\u00f3ximo \u00e0 Igreja Matriz, munidos de um encaminhamento que automaticamente ter\u00e3o os 30% de desconto.<\/p>\n\n\n\n<p>Ascom\/PMS<\/p>\n","protected":false},"excerpt":{"rendered":"<p>Nesta quinta-feira, 23, o prefeito \u00c9den Duarte recebeu o representante da Universidade Paulista (Unip), Andr\u00e9 Santos, para celebrarem uma importante parceria que ir\u00e1 beneficiar os&hellip; <\/p>\n","protected":false},"author":1,"featured_media":96298,"comment_status":"closed","ping_status":"closed","sticky":false,"template":"","format":"standard","meta":{"sfsi_plus_gutenberg_text_before_share":"","sfsi_plus_gutenberg_show_text_before_share":"","sfsi_plus_gutenberg_icon_type":"","sfsi_plus_gutenberg_icon_alignemt":"","sfsi_plus_gutenburg_max_per_row":"","footnotes":""},"categories":[11],"tags":[],"class_list":["post-96297","post","type-post","status-publish","format-standard","has-post-thumbnail","hentry","category-politica"],"_links":{"self":[{"href":"https:\/\/www.caririemacao.com\/1\/wp-json\/wp\/v2\/posts\/96297","targetHints":{"allow":["GET"]}}],"collection":[{"href":"https:\/\/www.caririemacao.com\/1\/wp-json\/wp\/v2\/posts"}],"about":[{"href":"https:\/\/www.caririemacao.com\/1\/wp-json\/wp\/v2\/types\/post"}],"author":[{"embeddable":true,"href":"https:\/\/www.caririemacao.com\/1\/wp-json\/wp\/v2\/users\/1"}],"replies":[{"embeddable":true,"href":"https:\/\/www.caririemacao.com\/1\/wp-json\/wp\/v2\/comments?post=96297"}],"version-history":[{"count":1,"href":"https:\/\/www.caririemacao.com\/1\/wp-json\/wp\/v2\/posts\/96297\/revisions"}],"predecessor-version":[{"id":96299,"href":"https:\/\/www.caririemacao.com\/1\/wp-json\/wp\/v2\/posts\/96297\/revisions\/96299"}],"wp:featuredmedia":[{"embeddable":true,"href":"https:\/\/www.caririemacao.com\/1\/wp-json\/wp\/v2\/media\/96298"}],"wp:attachment":[{"href":"https:\/\/www.caririemacao.com\/1\/wp-json\/wp\/v2\/media?parent=96297"}],"wp:term":[{"taxonomy":"category","embeddable":true,"href":"https:\/\/www.caririemacao.com\/1\/wp-json\/wp\/v2\/categories?post=96297"},{"taxonomy":"post_tag","embeddable":true,"href":"https:\/\/www.caririemacao.com\/1\/wp-json\/wp\/v2\/tags?post=96297"}],"curies":[{"name":"wp","href":"https:\/\/api.w.org\/{rel}","templated":true}]}}