{"id":96301,"date":"2019-05-24T14:37:19","date_gmt":"2019-05-24T17:37:19","guid":{"rendered":"http:\/\/www.caririemacao.com\/1\/?p=96301"},"modified":"2019-05-24T14:37:19","modified_gmt":"2019-05-24T17:37:19","slug":"anac-suspende-todas-as-operacoes-da-avianca-brasil","status":"publish","type":"post","link":"https:\/\/www.caririemacao.com\/1\/2019\/05\/24\/anac-suspende-todas-as-operacoes-da-avianca-brasil\/","title":{"rendered":"Anac suspende todas as opera\u00e7\u00f5es da Avianca Brasil"},"content":{"rendered":"\n<p>A Ag\u00eancia Nacional de Avia\u00e7\u00e3o Civil (Anac) informou hoje (24) que suspendeu cautelarmente todas as opera\u00e7\u00f5es da empresa a\u00e9rea Avianca Brasil.<\/p>\n\n\n\n<p>\u201cCom a medida, est\u00e3o suspensos todos os voos at\u00e9 que a empresa comprove capacidade operacional para manter as opera\u00e7\u00f5es com seguran\u00e7a. A decis\u00e3o foi tomada com base em informa\u00e7\u00f5es prestadas \u00e0 \u00e1rea respons\u00e1vel por seguran\u00e7a operacional da Ag\u00eancia\u201d, diz a nota da Anac.<\/p>\n\n\n\n<p>A Anac recomenda que os passageiros com voos marcados para os pr\u00f3ximos dias na Avianca entrem em contato com a empresa e evitem se descolar at\u00e9 o aeroporto antes de terem informa\u00e7\u00f5es sobre sua situa\u00e7\u00e3o. A empresa a\u00e9rea segue obrigada a oferecer aos passageiros op\u00e7\u00f5es como reembolso e reacomoda\u00e7\u00e3o.<\/p>\n\n\n\n<h2 class=\"wp-block-heading\">Recupera\u00e7\u00e3o judicial<\/h2>\n\n\n\n<p>A Avianca Brasil entrou em processo de recupera\u00e7\u00e3o judicial. A empresa a\u00e9rea tem cancelado voos e em abril devolveu aeronaves em cumprimento a decis\u00f5es judiciais, atendendo pedido de empresas de&nbsp;<em>leasing<\/em>.<\/p>\n\n\n\n<p>No \u00faltimo dia 17 os tripulantes da Avianca Brasil entraram em greve, que foi suspensa temporariamente no dia 19. Os trabalhadores disseram que paralisaram as atividades porque est\u00e3o com sal\u00e1rios e benef\u00edcios atrasados.<\/p>\n","protected":false},"excerpt":{"rendered":"<p>A Ag\u00eancia Nacional de Avia\u00e7\u00e3o Civil (Anac) informou hoje (24) que suspendeu cautelarmente todas as opera\u00e7\u00f5es da empresa a\u00e9rea Avianca Brasil. \u201cCom a medida, est\u00e3o&hellip; <\/p>\n","protected":false},"author":1,"featured_media":96302,"comment_status":"closed","ping_status":"closed","sticky":false,"template":"","format":"standard","meta":{"sfsi_plus_gutenberg_text_before_share":"","sfsi_plus_gutenberg_show_text_before_share":"","sfsi_plus_gutenberg_icon_type":"","sfsi_plus_gutenberg_icon_alignemt":"","sfsi_plus_gutenburg_max_per_row":"","footnotes":""},"categories":[2],"tags":[],"class_list":["post-96301","post","type-post","status-publish","format-standard","has-post-thumbnail","hentry","category-geral"],"_links":{"self":[{"href":"https:\/\/www.caririemacao.com\/1\/wp-json\/wp\/v2\/posts\/96301","targetHints":{"allow":["GET"]}}],"collection":[{"href":"https:\/\/www.caririemacao.com\/1\/wp-json\/wp\/v2\/posts"}],"about":[{"href":"https:\/\/www.caririemacao.com\/1\/wp-json\/wp\/v2\/types\/post"}],"author":[{"embeddable":true,"href":"https:\/\/www.caririemacao.com\/1\/wp-json\/wp\/v2\/users\/1"}],"replies":[{"embeddable":true,"href":"https:\/\/www.caririemacao.com\/1\/wp-json\/wp\/v2\/comments?post=96301"}],"version-history":[{"count":1,"href":"https:\/\/www.caririemacao.com\/1\/wp-json\/wp\/v2\/posts\/96301\/revisions"}],"predecessor-version":[{"id":96303,"href":"https:\/\/www.caririemacao.com\/1\/wp-json\/wp\/v2\/posts\/96301\/revisions\/96303"}],"wp:featuredmedia":[{"embeddable":true,"href":"https:\/\/www.caririemacao.com\/1\/wp-json\/wp\/v2\/media\/96302"}],"wp:attachment":[{"href":"https:\/\/www.caririemacao.com\/1\/wp-json\/wp\/v2\/media?parent=96301"}],"wp:term":[{"taxonomy":"category","embeddable":true,"href":"https:\/\/www.caririemacao.com\/1\/wp-json\/wp\/v2\/categories?post=96301"},{"taxonomy":"post_tag","embeddable":true,"href":"https:\/\/www.caririemacao.com\/1\/wp-json\/wp\/v2\/tags?post=96301"}],"curies":[{"name":"wp","href":"https:\/\/api.w.org\/{rel}","templated":true}]}}