{"id":96304,"date":"2019-05-24T15:12:48","date_gmt":"2019-05-24T18:12:48","guid":{"rendered":"http:\/\/www.caririemacao.com\/1\/?p=96304"},"modified":"2019-05-24T15:12:48","modified_gmt":"2019-05-24T18:12:48","slug":"brasil-cria-1296-mil-vagas-formais-em-abril-diz-caged","status":"publish","type":"post","link":"https:\/\/www.caririemacao.com\/1\/2019\/05\/24\/brasil-cria-1296-mil-vagas-formais-em-abril-diz-caged\/","title":{"rendered":"Brasil cria 129,6 mil vagas formais em abril, diz Caged"},"content":{"rendered":"\n<p>&nbsp;Brasil criou, em abril, 129,6 mil vagas formais de emprego, o melhor resultado para o m\u00eas desde 2013, mostram os dados do Caged (Cadastro Geral de Empregados e Desempregados) divulgados nesta sexta-feira (24) pelo Minist\u00e9rio da Economia.<\/p>\n\n\n\n<p>O dado ocorre um m\u00eas ap\u00f3s o pa\u00eds ter fechado 43 mil vagas, no pior mar\u00e7o desde 2017. Em abril de 2018, haviam sido criadas 115.898 vagas.<\/p>\n\n\n\n<p>No m\u00eas passado, foram abertas 1,374 milh\u00e3o de vagas, ante 1,245 milh\u00f5es de postos fechados. Por setor, o de servi\u00e7os criou 66.295 vagas, enquanto ind\u00fastria da transforma\u00e7\u00e3o gerou 20.479 postos.<\/p>\n","protected":false},"excerpt":{"rendered":"<p>&nbsp;Brasil criou, em abril, 129,6 mil vagas formais de emprego, o melhor resultado para o m\u00eas desde 2013, mostram os dados do Caged (Cadastro Geral&hellip; <\/p>\n","protected":false},"author":1,"featured_media":96305,"comment_status":"closed","ping_status":"closed","sticky":false,"template":"","format":"standard","meta":{"sfsi_plus_gutenberg_text_before_share":"","sfsi_plus_gutenberg_show_text_before_share":"","sfsi_plus_gutenberg_icon_type":"","sfsi_plus_gutenberg_icon_alignemt":"","sfsi_plus_gutenburg_max_per_row":"","footnotes":""},"categories":[2],"tags":[],"class_list":["post-96304","post","type-post","status-publish","format-standard","has-post-thumbnail","hentry","category-geral"],"_links":{"self":[{"href":"https:\/\/www.caririemacao.com\/1\/wp-json\/wp\/v2\/posts\/96304","targetHints":{"allow":["GET"]}}],"collection":[{"href":"https:\/\/www.caririemacao.com\/1\/wp-json\/wp\/v2\/posts"}],"about":[{"href":"https:\/\/www.caririemacao.com\/1\/wp-json\/wp\/v2\/types\/post"}],"author":[{"embeddable":true,"href":"https:\/\/www.caririemacao.com\/1\/wp-json\/wp\/v2\/users\/1"}],"replies":[{"embeddable":true,"href":"https:\/\/www.caririemacao.com\/1\/wp-json\/wp\/v2\/comments?post=96304"}],"version-history":[{"count":1,"href":"https:\/\/www.caririemacao.com\/1\/wp-json\/wp\/v2\/posts\/96304\/revisions"}],"predecessor-version":[{"id":96306,"href":"https:\/\/www.caririemacao.com\/1\/wp-json\/wp\/v2\/posts\/96304\/revisions\/96306"}],"wp:featuredmedia":[{"embeddable":true,"href":"https:\/\/www.caririemacao.com\/1\/wp-json\/wp\/v2\/media\/96305"}],"wp:attachment":[{"href":"https:\/\/www.caririemacao.com\/1\/wp-json\/wp\/v2\/media?parent=96304"}],"wp:term":[{"taxonomy":"category","embeddable":true,"href":"https:\/\/www.caririemacao.com\/1\/wp-json\/wp\/v2\/categories?post=96304"},{"taxonomy":"post_tag","embeddable":true,"href":"https:\/\/www.caririemacao.com\/1\/wp-json\/wp\/v2\/tags?post=96304"}],"curies":[{"name":"wp","href":"https:\/\/api.w.org\/{rel}","templated":true}]}}