{"id":96307,"date":"2019-05-24T15:16:47","date_gmt":"2019-05-24T18:16:47","guid":{"rendered":"http:\/\/www.caririemacao.com\/1\/?p=96307"},"modified":"2019-05-24T15:16:47","modified_gmt":"2019-05-24T18:16:47","slug":"bolsonaro-diz-que-e-direito-de-guedes-deixar-cargo-e-fala-em-catastrofe-sem-previdencia","status":"publish","type":"post","link":"https:\/\/www.caririemacao.com\/1\/2019\/05\/24\/bolsonaro-diz-que-e-direito-de-guedes-deixar-cargo-e-fala-em-catastrofe-sem-previdencia\/","title":{"rendered":"Bolsonaro diz que \u00e9 direito de Guedes deixar cargo e fala em &#8216;cat\u00e1strofe&#8217; sem Previd\u00eancia"},"content":{"rendered":"\n<p>O presidente Jair Bolsonaro disse nesta sexta-feira (24) que \u00e9 um direito do ministro Paulo Guedes (Economia) deixar o cargo caso a reforma da Previd\u00eancia n\u00e3o seja aprovada.<\/p>\n\n\n\n<p>Guedes afirmou em entrevista para a revista Veja que n\u00e3o tem como permanecer no governo se a proposta de mudan\u00e7a enviada ao Congresso&nbsp;<a href=\"https:\/\/www.clickpb.com.br\/politica\/paulo-guedes-diz-que-renunciara-se-previdencia-virar-reforminha-260868.html\">virar uma &#8220;reforminha&#8221;<\/a>.<\/p>\n\n\n\n<p>&#8220;\u00c9 um direito dele, ningu\u00e9m \u00e9 obrigado a continuar como ministro meu. Logicamente ele est\u00e1 vendo uma cat\u00e1strofe, \u00e9 verdade, eu concordo com ele [Guedes], se n\u00f3s n\u00e3o aprovarmos algo realmente muito pr\u00f3ximo ao que enviamos no Parlamento. O que Paulo Guedes v\u00ea, e ele n\u00e3o \u00e9 nenhum vidente, nem precisa ser, para entender que o Brasil vai viver um caos econ\u00f4mico sem essa reforma&#8221;, disse, em Recife (PE).<\/p>\n\n\n\n<p>Na primeira visita ao Nordeste como presidente da Rep\u00fablica, Bolsonaro tamb\u00e9m se irritou com uma pergunta sobre sua rejei\u00e7\u00e3o na regi\u00e3o. &#8220;Pode fazer uma pergunta inteligente, por favor?&#8221;, respondeu.<\/p>\n\n\n\n<p><strong>Leia mais<\/strong>:<br><a href=\"https:\/\/www.clickpb.com.br\/brasil\/sudene-apresenta-projeto-de-desenvolvimento-para-o-nordeste-260893.html\">Sudene apresenta projeto de desenvolvimento para o Nordeste<\/a><br><a href=\"https:\/\/www.clickpb.com.br\/paraiba\/bolsonaro-pede-aceitacao-da-reforma-da-previdencia-aos-governadores-do-ne-260891.html\">Bolsonaro pede aceita\u00e7\u00e3o da reforma da Previd\u00eancia aos governadores do NE<\/a><\/p>\n\n\n\n<p>O Nordeste \u00e9 a regi\u00e3o na qual Bolsonaro tem a sua pior avalia\u00e7\u00e3o. Segundo pesquisa Datafolha divulgada em abril, 39% dos nordestinos consideram o seu governo ruim ou p\u00e9ssimo ante 30% da m\u00e9dia nacional.&nbsp;<\/p>\n\n\n\n<p>O pol\u00edtico foi derrotado nos nove estados da regi\u00e3o na elei\u00e7\u00e3o do ano passado, ficando atr\u00e1s do ent\u00e3o candidato Fernando Haddad (PT).<\/p>\n\n\n\n<p>Oficialmente, o encontro desta sexta serviu para aprovar o Plano de Desenvolvimento do Nordeste, que tem o objetivo de estimular a economia na regi\u00e3o, em reuni\u00e3o da Sudene (Superintend\u00eancia do Desenvolvimento do Nordeste). O governo diz que quer enviar o projeto para aprova\u00e7\u00e3o do Congresso at\u00e9 agosto.&nbsp;<\/p>\n\n\n\n<p>Os governadores dos estados nordestinos e de Minas Gerais, que tamb\u00e9m participaram da reuni\u00e3o, al\u00e9m do governador do Esp\u00edrito Santo, ausente nesta sexta, reivindicam a defini\u00e7\u00e3o concreta de como esse plano ser\u00e1 financiado. Eles querem que ao menos 30% do Fundo Constitucional de Financiamento do Nordeste sejam destinados a isso.&nbsp;<br>Ap\u00f3s o encontro, o ministro do Desenvolvimento Regional, Gustavo Canuto, anunciou um acr\u00e9scimo para o fundo, de cerca de R$ 4 bilh\u00f5es, mas ainda n\u00e3o bateu o martelo sobre como ser\u00e1 a ajuda para o plano.&nbsp;<\/p>\n\n\n\n<p>Na abertura da reuni\u00e3o Bolsonaro fez um &#8220;apelo&#8221; aos governadores pela Previd\u00eancia.<br>&#8220;N\u00f3s temos um desafio pela frente, e n\u00e3o \u00e9 meu, \u00e9 tamb\u00e9m dos senhores, governadores e prefeitos, independente da quest\u00e3o partid\u00e1ria, \u00e9 a reforma da Previd\u00eancia, sem a qual n\u00e3o podemos sonhar em botar em pr\u00e1tica parte do que n\u00f3s estamos acertando aqui nesse momento&#8221;, disse.<\/p>\n\n\n\n<p>De acordo com a agenda, o presidente levou 15 acompanhantes em sua comitiva, entre ministros, parlamentares e outros representantes do governo.<\/p>\n\n\n\n<p>Na chegada ao Nordeste, Bolsonaro usou helic\u00f3pteros para se deslocar em Recife (PE), evitando protestos e contato com a popula\u00e7\u00e3o local.<\/p>\n\n\n\n<p>O presidente e sua comitiva chegaram \u00e0 capital pernambucana por volta de 9h da manh\u00e3 e pousaram em uma base a\u00e9rea, pr\u00f3xima ao aeroporto internacional da cidade.&nbsp;<br>Em seguida, pegaram dois helic\u00f3pteros para um deslocamento de cerca de 15 km, at\u00e9 o Instituto Ricardo Brennand, complexo cultural da cidade, onde ocorreu a reuni\u00e3o do conselho deliberativo da Sudene.<\/p>\n\n\n\n<p>O instituto fica no bairro da V\u00e1rzea, zona norte de Recife, em uma \u00e1rea afastada. Logo na entrada h\u00e1 um port\u00e3o de ferro, que fica aberto em dias comuns. Uma estrada de cerca de 2 km leva os visitantes ao museu, principal atra\u00e7\u00e3o do local.<\/p>\n\n\n\n<p>O pr\u00e9dio foi escolhido como sede do encontro porque o edif\u00edcio original da Sudene atualmente est\u00e1 abandonado e um novo, constru\u00eddo recentemente, n\u00e3o tem audit\u00f3rio para eventos desse porte.<\/p>\n\n\n\n<p>Enquanto o presidente chegava de helic\u00f3ptero, manifestantes se concentravam na frente do complexo, com carro de som.&nbsp;<\/p>\n\n\n\n<p>Ap\u00f3s o compromisso no Recife, o presidente seguiu viagem para Petrolina (PE), de avi\u00e3o. Ele voltou para a base a\u00e9rea em Recife de helic\u00f3ptero e no interior vai pousar no aeroporto Senador Nilo Coelho.&nbsp;<\/p>\n\n\n\n<p>L\u00e1, Bolsonaro vai entregar im\u00f3veis do programa&nbsp;<a href=\"https:\/\/www.clickpb.com.br\/brasil\/novo-minha-casa-deve-ter-aluguel-em-vez-de-posse-260885.html\">Minha Casa, Minha Vida<\/a>&nbsp;e assinar ordem de servi\u00e7os para constru\u00e7\u00e3o de duplica\u00e7\u00e3o da BR-428.<\/p>\n","protected":false},"excerpt":{"rendered":"<p>O presidente Jair Bolsonaro disse nesta sexta-feira (24) que \u00e9 um direito do ministro Paulo Guedes (Economia) deixar o cargo caso a reforma da Previd\u00eancia&hellip; <\/p>\n","protected":false},"author":1,"featured_media":96308,"comment_status":"closed","ping_status":"closed","sticky":false,"template":"","format":"standard","meta":{"sfsi_plus_gutenberg_text_before_share":"","sfsi_plus_gutenberg_show_text_before_share":"","sfsi_plus_gutenberg_icon_type":"","sfsi_plus_gutenberg_icon_alignemt":"","sfsi_plus_gutenburg_max_per_row":"","footnotes":""},"categories":[11],"tags":[],"class_list":["post-96307","post","type-post","status-publish","format-standard","has-post-thumbnail","hentry","category-politica"],"_links":{"self":[{"href":"https:\/\/www.caririemacao.com\/1\/wp-json\/wp\/v2\/posts\/96307","targetHints":{"allow":["GET"]}}],"collection":[{"href":"https:\/\/www.caririemacao.com\/1\/wp-json\/wp\/v2\/posts"}],"about":[{"href":"https:\/\/www.caririemacao.com\/1\/wp-json\/wp\/v2\/types\/post"}],"author":[{"embeddable":true,"href":"https:\/\/www.caririemacao.com\/1\/wp-json\/wp\/v2\/users\/1"}],"replies":[{"embeddable":true,"href":"https:\/\/www.caririemacao.com\/1\/wp-json\/wp\/v2\/comments?post=96307"}],"version-history":[{"count":1,"href":"https:\/\/www.caririemacao.com\/1\/wp-json\/wp\/v2\/posts\/96307\/revisions"}],"predecessor-version":[{"id":96309,"href":"https:\/\/www.caririemacao.com\/1\/wp-json\/wp\/v2\/posts\/96307\/revisions\/96309"}],"wp:featuredmedia":[{"embeddable":true,"href":"https:\/\/www.caririemacao.com\/1\/wp-json\/wp\/v2\/media\/96308"}],"wp:attachment":[{"href":"https:\/\/www.caririemacao.com\/1\/wp-json\/wp\/v2\/media?parent=96307"}],"wp:term":[{"taxonomy":"category","embeddable":true,"href":"https:\/\/www.caririemacao.com\/1\/wp-json\/wp\/v2\/categories?post=96307"},{"taxonomy":"post_tag","embeddable":true,"href":"https:\/\/www.caririemacao.com\/1\/wp-json\/wp\/v2\/tags?post=96307"}],"curies":[{"name":"wp","href":"https:\/\/api.w.org\/{rel}","templated":true}]}}