{"id":96310,"date":"2019-05-24T15:20:48","date_gmt":"2019-05-24T18:20:48","guid":{"rendered":"http:\/\/www.caririemacao.com\/1\/?p=96310"},"modified":"2019-05-24T15:20:48","modified_gmt":"2019-05-24T18:20:48","slug":"bolsonaro-cobra-de-governadores-e-prefeitos-apoio-a-reforma-da-previdencia","status":"publish","type":"post","link":"https:\/\/www.caririemacao.com\/1\/2019\/05\/24\/bolsonaro-cobra-de-governadores-e-prefeitos-apoio-a-reforma-da-previdencia\/","title":{"rendered":"Bolsonaro cobra de governadores e prefeitos apoio \u00e0 reforma da Previd\u00eancia"},"content":{"rendered":"\n<p>Com a presen\u00e7a do presidente Jair Bolsonaro, o conselho deliberativo da Superintend\u00eancia do Desenvolvimento do Nordeste (Sudene) apresentou hoje (24), em Recife, o Plano Regional de Desenvolvimento do Nordeste, a ser implementado em quatro anos, a partir de 2020, em 41 cidades e nas 9 capitais da regi\u00e3o.<\/p>\n\n\n\n<p>Al\u00e9m de iniciativas para garantir o crescimento, o plano aponta para 2019, por meio do Fundo Constitucional de Financiamento do Nordeste (FNE), quase R$ 24 bilh\u00f5es para investimentos nos estados.<\/p>\n\n\n\n<p>\u201cA vis\u00e3o de um Nordeste sofrido, prec\u00e1rio, dif\u00edcil, tem que ficar para tr\u00e1s. Os nordestinos s\u00e3o um povo muito forte, com riquezas naturais diferenciadas, t\u00eam um potencial muito grande, n\u00f3s s\u00f3 precisamos investir no lugar certo, da maneira correta, para que esse potencial possa ser destravado\u201d, disse o ministro do Desenvolvimento Regional, Gustavo Canuto.<\/p>\n\n\n\n<p>Todos os nove governadores da regi\u00e3o, mais os de Minas Gerais e do Esp\u00edrito Santos, tamb\u00e9m integrantes da Sudene, participaram do encontro.<\/p>\n\n\n\n<p>\u201cA raz\u00e3o de estarmos todos aqui, independentemente das nossas ideologias ou filia\u00e7\u00f5es pol\u00edtico-partid\u00e1rias, demostra o esp\u00edrito republicano, esta vontade e clareza que, sem o desenvolvimento do Nordeste, n\u00e3o haver\u00e1 o desenvolvimento do Brasil\u201d, destacou Canuto. O Nordeste \u00e9 a regi\u00e3o que concentra mais governadores da oposi\u00e7\u00e3o.<\/p>\n\n\n\n<p>A inten\u00e7\u00e3o do governo federal \u00e9 encaminhar o Plano Regional de Desenvolvimento at\u00e9 agosto para a aprecia\u00e7\u00e3o do Congresso Nacional.<\/p>\n\n\n\n<p>Esta \u00e9 a primeira vez que o projeto vai tramitar em conjunto com o Plano Plurianual da Uni\u00e3o, que define o planejamento de longo prazo das a\u00e7\u00f5es do governo federal.<\/p>\n\n\n\n<p>O plano tem como aposta estrat\u00e9gia o fortalecimento das redes de cidades intermedi\u00e1rias, com as \u00e1reas de influ\u00eancia que possam crescer economicamente. Uma das diretrizes ser\u00e1 o est\u00edmulo ao desenvolvimento sustent\u00e1vel da regi\u00e3o, com base em seis eixos estrat\u00e9gicos: seguran\u00e7a h\u00eddrica e conserva\u00e7\u00e3o ambiental; inova\u00e7\u00e3o; desenvolvimento institucional; desenvolvimento de capacidades humanas; dinamiza\u00e7\u00e3o e diversidade produtiva; e desenvolvimento social e urbano.<\/p>\n\n\n\n<p>Investimentos realizados<br>Durante o encontro, o presidente Bolsonaro destacou os trabalhos que o governo federal vem fazendo pelo Nordeste, como a destina\u00e7\u00e3o de 200 mil toneladas de milho a pre\u00e7os abaixo de mercado, na modalidade balc\u00e3o, que permite o acesso de criadores e agroind\u00fastrias a estoques p\u00fablicos.<\/p>\n\n\n\n<p>O presidente ressaltou ainda o trabalho do ministro da Ci\u00eancia, Tecnologia, Inova\u00e7\u00f5es e Comunica\u00e7\u00f5es, Marcos Pontes, na inaugura\u00e7\u00e3o de um polo de pesquisa de dessaliniza\u00e7\u00e3o de \u00e1gua e na disponibiliza\u00e7\u00e3o de sinal de internet em mais de tr\u00eas mil escolas do pa\u00eds, \u201ca maioria do Nordeste\u201d, segundo Bolsonaro.<\/p>\n\n\n\n<p>De acordo com o presidente, o 13\u00ba do Bolsa Fam\u00edlia, estabelecido pelo seu governo, vai destinar quase R$ 2 bilh\u00f5es ao Nordeste. \u201cQueremos sim fazer o poss\u00edvel para ajudar nossos irm\u00e3os do Nordeste\u201d, disse.<\/p>\n\n\n\n<p>Al\u00e9m de Canuto e Pontes, Bolsonaro estava acompanhando dos ministros da Cidadania, Osmar Terra, da Secretaria de Governo, Santos Cruz; da Secretaria-Geral, Floriano Peixoto; e do Gabinete de Seguran\u00e7a Institucional, general Augusto Heleno.<\/p>\n\n\n\n<p>Prefeitos e parlamentares do Nordeste tamb\u00e9m participaram do encontro, realizado no Instituto Ricardo Brennand, na capital pernambucana. Al\u00e9m dos investimentos anunciados para a regi\u00e3o, o prefeito de Recife, Geraldo J\u00falio, pediu a revis\u00e3o \u201cpriorit\u00e1ria e urgente\u201d do pacto federativo e de pol\u00edticas p\u00fablicas que combatam a pobreza no pa\u00eds.<\/p>\n\n\n\n<p>\u201cH\u00e1 30 anos quando a Constitui\u00e7\u00e3o foi promulgada, de cada R$ 4 que a Uni\u00e3o arrecadava, tr\u00eas eram compartilhados com estados e munic\u00edpios. A Constitui\u00e7\u00e3o n\u00e3o mudou, mas a receita mudou. No decorrer desses 30 anos, a gente viu isso baixar para praticamente R$ 1,5. Ent\u00e3o, em vez de 75% serem compartilhados, hoje cerca de 40% s\u00e3o compartilhados. Ent\u00e3o, os munic\u00edpios est\u00e3o apertados\u201d, argumentou J\u00falio, em nome dos prefeitos do Nordeste.<\/p>\n\n\n\n<p>Reforma da Previd\u00eancia<br>Durante o encontro, o presidente Jair Bolsonaro fez ainda um apelo aos governadores por apoio \u00e0 reforma da Previd\u00eancia, em tramita\u00e7\u00e3o na C\u00e2mara, que, segundo ele, vai destravar a economia e atrair mais recursos para o pa\u00eds.<\/p>\n\n\n\n<p>\u201cN\u00f3s temos um desafio pela frente que n\u00e3o \u00e9 meu, \u00e9 tamb\u00e9m dos senhores governadores e prefeitos, independente da quest\u00e3o partid\u00e1ria, \u00e9 a reforma da Previd\u00eancia, sem a qual n\u00e3o podemos sonhar em botar em pr\u00e1tica parte do que estamos acertando aqui nesse momento\u201d, disse. Esta \u00e9 a primeira visita oficial de Bolsonaro ao Nordeste depois de sua posse, em janeiro.<\/p>\n\n\n\n<p>Para se aproximar mais da regi\u00e3o, assim que assumiu a Presid\u00eancia, Bolsonaro estabeleceu um grupo interministerial, comandado pela Casa Civil, para tratar de pol\u00edticas priorit\u00e1rias para o Nordeste. Reuni\u00f5es do F\u00f3rum dos Governadores do Nordeste com representantes do governo e do Congresso Nacional tamb\u00e9m s\u00e3o frequentes em Bras\u00edlia.<\/p>\n","protected":false},"excerpt":{"rendered":"<p>Com a presen\u00e7a do presidente Jair Bolsonaro, o conselho deliberativo da Superintend\u00eancia do Desenvolvimento do Nordeste (Sudene) apresentou hoje (24), em Recife, o Plano Regional&hellip; <\/p>\n","protected":false},"author":1,"featured_media":96311,"comment_status":"closed","ping_status":"closed","sticky":false,"template":"","format":"standard","meta":{"sfsi_plus_gutenberg_text_before_share":"","sfsi_plus_gutenberg_show_text_before_share":"","sfsi_plus_gutenberg_icon_type":"","sfsi_plus_gutenberg_icon_alignemt":"","sfsi_plus_gutenburg_max_per_row":"","footnotes":""},"categories":[11],"tags":[],"class_list":["post-96310","post","type-post","status-publish","format-standard","has-post-thumbnail","hentry","category-politica"],"_links":{"self":[{"href":"https:\/\/www.caririemacao.com\/1\/wp-json\/wp\/v2\/posts\/96310","targetHints":{"allow":["GET"]}}],"collection":[{"href":"https:\/\/www.caririemacao.com\/1\/wp-json\/wp\/v2\/posts"}],"about":[{"href":"https:\/\/www.caririemacao.com\/1\/wp-json\/wp\/v2\/types\/post"}],"author":[{"embeddable":true,"href":"https:\/\/www.caririemacao.com\/1\/wp-json\/wp\/v2\/users\/1"}],"replies":[{"embeddable":true,"href":"https:\/\/www.caririemacao.com\/1\/wp-json\/wp\/v2\/comments?post=96310"}],"version-history":[{"count":1,"href":"https:\/\/www.caririemacao.com\/1\/wp-json\/wp\/v2\/posts\/96310\/revisions"}],"predecessor-version":[{"id":96312,"href":"https:\/\/www.caririemacao.com\/1\/wp-json\/wp\/v2\/posts\/96310\/revisions\/96312"}],"wp:featuredmedia":[{"embeddable":true,"href":"https:\/\/www.caririemacao.com\/1\/wp-json\/wp\/v2\/media\/96311"}],"wp:attachment":[{"href":"https:\/\/www.caririemacao.com\/1\/wp-json\/wp\/v2\/media?parent=96310"}],"wp:term":[{"taxonomy":"category","embeddable":true,"href":"https:\/\/www.caririemacao.com\/1\/wp-json\/wp\/v2\/categories?post=96310"},{"taxonomy":"post_tag","embeddable":true,"href":"https:\/\/www.caririemacao.com\/1\/wp-json\/wp\/v2\/tags?post=96310"}],"curies":[{"name":"wp","href":"https:\/\/api.w.org\/{rel}","templated":true}]}}