{"id":96313,"date":"2019-05-24T15:23:32","date_gmt":"2019-05-24T18:23:32","guid":{"rendered":"http:\/\/www.caririemacao.com\/1\/?p=96313"},"modified":"2019-05-24T15:23:32","modified_gmt":"2019-05-24T18:23:32","slug":"joao-sai-em-defesa-de-ricardo-e-sinaliza-candidatura-caminho-vai-mudar-a-partir-de-2020","status":"publish","type":"post","link":"https:\/\/www.caririemacao.com\/1\/2019\/05\/24\/joao-sai-em-defesa-de-ricardo-e-sinaliza-candidatura-caminho-vai-mudar-a-partir-de-2020\/","title":{"rendered":"Jo\u00e3o sai em defesa de Ricardo e sinaliza candidatura: \u201ccaminho vai mudar a partir de 2020\u201d"},"content":{"rendered":"\n<p>O governador Jo\u00e3o Azev\u00eado (PSB) defendeu o ex-governador Ricardo Coutinho de uma suposta persegui\u00e7\u00e3o pol\u00edtica e midi\u00e1tica ap\u00f3s estourar na imprensa os desdobramentos da Opera\u00e7\u00e3o Calv\u00e1rio, que investiga uma organiza\u00e7\u00e3o criminosa infiltrada na Cruz Vermelha Brasileira, filial do Rio Grande do Sul, que administra o Hospital de Trauma de Jo\u00e3o Pessoa.<\/p>\n\n\n\n<p>Azev\u00eado afirma que Ricardo n\u00e3o est\u00e1 envolvido no esc\u00e2ndalo e que a hist\u00f3ria do ex-governador \u00e9 maior que \u201cpequenas futricas que tentam denegrir a sua imagem\u201d.<\/p>\n\n\n\n<p>\u201cOposi\u00e7\u00e3o existe para fazer oposi\u00e7\u00e3o. O que precisa ser discutido \u00e9 que isso tem que ser feito com a clareza e o respeito que as pessoas merecem. A hist\u00f3ria de Ricardo perante a Para\u00edba, o que Ricardo produziu para a Para\u00edba \u00e9 muito maior do que qualquer coment\u00e1rio de algu\u00e9m que muitas vezes n\u00e3o tem nem a qualifica\u00e7\u00e3o para ser chamado de jornalista. A hist\u00f3ria de Ricardo \u00e9 muito maior do que essas pequenas futricas que est\u00e3o tentando denegrir a sua imagem\u201d, disse.<\/p>\n\n\n\n<p>Durante a fala, Jo\u00e3o Azev\u00eado acabou dando uma pista do futuro pol\u00edtico de Ricardo Coutinho: \u201cEu sei que Ricardo vai passar isso de uma forma muito clara, mostrar novamente \u00e0 Para\u00edba a que veio e logo logo, talvez, pessoas que estejam preocupadas com a chegada de 2020 compreendam que o caminho vai mudar a partir de 2020\u201d.<\/p>\n","protected":false},"excerpt":{"rendered":"<p>O governador Jo\u00e3o Azev\u00eado (PSB) defendeu o ex-governador Ricardo Coutinho de uma suposta persegui\u00e7\u00e3o pol\u00edtica e midi\u00e1tica ap\u00f3s estourar na imprensa os desdobramentos da Opera\u00e7\u00e3o&hellip; <\/p>\n","protected":false},"author":1,"featured_media":96314,"comment_status":"closed","ping_status":"closed","sticky":false,"template":"","format":"standard","meta":{"sfsi_plus_gutenberg_text_before_share":"","sfsi_plus_gutenberg_show_text_before_share":"","sfsi_plus_gutenberg_icon_type":"","sfsi_plus_gutenberg_icon_alignemt":"","sfsi_plus_gutenburg_max_per_row":"","footnotes":""},"categories":[11],"tags":[],"class_list":["post-96313","post","type-post","status-publish","format-standard","has-post-thumbnail","hentry","category-politica"],"_links":{"self":[{"href":"https:\/\/www.caririemacao.com\/1\/wp-json\/wp\/v2\/posts\/96313","targetHints":{"allow":["GET"]}}],"collection":[{"href":"https:\/\/www.caririemacao.com\/1\/wp-json\/wp\/v2\/posts"}],"about":[{"href":"https:\/\/www.caririemacao.com\/1\/wp-json\/wp\/v2\/types\/post"}],"author":[{"embeddable":true,"href":"https:\/\/www.caririemacao.com\/1\/wp-json\/wp\/v2\/users\/1"}],"replies":[{"embeddable":true,"href":"https:\/\/www.caririemacao.com\/1\/wp-json\/wp\/v2\/comments?post=96313"}],"version-history":[{"count":1,"href":"https:\/\/www.caririemacao.com\/1\/wp-json\/wp\/v2\/posts\/96313\/revisions"}],"predecessor-version":[{"id":96315,"href":"https:\/\/www.caririemacao.com\/1\/wp-json\/wp\/v2\/posts\/96313\/revisions\/96315"}],"wp:featuredmedia":[{"embeddable":true,"href":"https:\/\/www.caririemacao.com\/1\/wp-json\/wp\/v2\/media\/96314"}],"wp:attachment":[{"href":"https:\/\/www.caririemacao.com\/1\/wp-json\/wp\/v2\/media?parent=96313"}],"wp:term":[{"taxonomy":"category","embeddable":true,"href":"https:\/\/www.caririemacao.com\/1\/wp-json\/wp\/v2\/categories?post=96313"},{"taxonomy":"post_tag","embeddable":true,"href":"https:\/\/www.caririemacao.com\/1\/wp-json\/wp\/v2\/tags?post=96313"}],"curies":[{"name":"wp","href":"https:\/\/api.w.org\/{rel}","templated":true}]}}