{"id":96316,"date":"2019-05-24T15:27:52","date_gmt":"2019-05-24T18:27:52","guid":{"rendered":"http:\/\/www.caririemacao.com\/1\/?p=96316"},"modified":"2019-05-24T15:27:52","modified_gmt":"2019-05-24T18:27:52","slug":"prefeitura-de-sume-e-sebrae-planejam-funcionamento-do-shopping-do-municipio","status":"publish","type":"post","link":"https:\/\/www.caririemacao.com\/1\/2019\/05\/24\/prefeitura-de-sume-e-sebrae-planejam-funcionamento-do-shopping-do-municipio\/","title":{"rendered":"Prefeitura de Sum\u00e9 e Sebrae planejam funcionamento do Shopping do munic\u00edpio"},"content":{"rendered":"\n<figure class=\"wp-block-image\"><a href=\"http:\/\/www.sume.pb.gov.br\/wp-content\/uploads\/2019\/05\/WhatsApp-Image-2019-05-24-at-9.49.29-AM.jpeg\"><img decoding=\"async\" data-src=\"http:\/\/www.sume.pb.gov.br\/wp-content\/uploads\/2019\/05\/WhatsApp-Image-2019-05-24-at-9.49.29-AM-150x150.jpeg\" alt=\"\" src=\"data:image\/svg+xml;base64,PHN2ZyB3aWR0aD0iMSIgaGVpZ2h0PSIxIiB4bWxucz0iaHR0cDovL3d3dy53My5vcmcvMjAwMC9zdmciPjwvc3ZnPg==\" class=\"lazyload\" style=\"--smush-placeholder-width: 150px; --smush-placeholder-aspect-ratio: 150\/150;\" \/><\/a><\/figure>\n\n\n\n<p>Em reuni\u00e3o realizada na manh\u00e3 de quinta-feira (23\/05), o prefeito \u00c9den Duarte. Assessores t\u00e9cnicos e membros do Sebrae discutiram o funcionamento do Shopping Center-Elias Pereira de Ara\u00fajo, localizado na Avenida Primeiro de Abril, obra que est\u00e1 praticamente conclu\u00edda e que em breve ser\u00e1 entregue \u00e0 popula\u00e7\u00e3o.<\/p>\n\n\n\n<p>Pensando no bom funcionamento do espa\u00e7o e nos impactos positivos que o shoppipng ter\u00e1 na economia do munic\u00edpio, a Prefeitura fez um contrato com consultores do Sebrae para que juntos possam ser discutidos e planejados os pontos sobre o funcionamento do local.<\/p>\n\n\n\n<p>Para Luciana Rabay, consultora do Sebrae, os detalhes para o projeto comercial est\u00e3o bem adiantados, segundo ela, existe toda uma metodologia trabalhada sobre os tipos de shopping com conceitua\u00e7\u00e3o, localiza\u00e7\u00e3o, tipo de empres\u00e1rios e p\u00fablico alvo. \u201cPara obter resultados, uma s\u00e9rie de estudos foram realizados, fazendo com que o local seja um grande marco para a economia de Sum\u00e9 e regi\u00e3o\u201d, disse.<\/p>\n\n\n\n<p>Sobre os pre\u00e7os dos alugueis e hor\u00e1rios de funcionamento, o Sebrae est\u00e1 concluindo estudos no mercado para definir valores dentro da realidade da regi\u00e3o, garantindo que os comerciantes tenham condi\u00e7\u00f5es de aproveitar o espa\u00e7o que ser\u00e1 entregue pela Prefeitura.<\/p>\n\n\n\n<p>De acordo com o prefeito \u00c9den, uma comiss\u00e3o foi montada para o discutir e executar o funcionamento do Centro, junto coma a experi\u00eancia em empreendedorismo do Sebrae todos os detalhes est\u00e3o sendo pensados para que o espa\u00e7o atinja o objetivo de aquecer a economia da cidade.<\/p>\n\n\n\n<p>\u00c9den confirmou que um edital de licita\u00e7\u00e3o ser\u00e1 lan\u00e7ado para que todas as pessoas interessadas tenham direito a concorrer e ocupar as lojas do shopping, respeitando as vagas de comerciantes que tinham pontos no antigo Mercado P\u00fablico, conforme combinado na \u00e9poca da demoli\u00e7\u00e3o do antigo pr\u00e9dio.<\/p>\n\n\n\n<p>Ascom\/PMS<\/p>\n","protected":false},"excerpt":{"rendered":"<p>Em reuni\u00e3o realizada na manh\u00e3 de quinta-feira (23\/05), o prefeito \u00c9den Duarte. Assessores t\u00e9cnicos e membros do Sebrae discutiram o funcionamento do Shopping Center-Elias Pereira&hellip; <\/p>\n","protected":false},"author":1,"featured_media":52105,"comment_status":"closed","ping_status":"closed","sticky":false,"template":"","format":"standard","meta":{"sfsi_plus_gutenberg_text_before_share":"","sfsi_plus_gutenberg_show_text_before_share":"","sfsi_plus_gutenberg_icon_type":"","sfsi_plus_gutenberg_icon_alignemt":"","sfsi_plus_gutenburg_max_per_row":"","footnotes":""},"categories":[2],"tags":[],"class_list":["post-96316","post","type-post","status-publish","format-standard","has-post-thumbnail","hentry","category-geral"],"_links":{"self":[{"href":"https:\/\/www.caririemacao.com\/1\/wp-json\/wp\/v2\/posts\/96316","targetHints":{"allow":["GET"]}}],"collection":[{"href":"https:\/\/www.caririemacao.com\/1\/wp-json\/wp\/v2\/posts"}],"about":[{"href":"https:\/\/www.caririemacao.com\/1\/wp-json\/wp\/v2\/types\/post"}],"author":[{"embeddable":true,"href":"https:\/\/www.caririemacao.com\/1\/wp-json\/wp\/v2\/users\/1"}],"replies":[{"embeddable":true,"href":"https:\/\/www.caririemacao.com\/1\/wp-json\/wp\/v2\/comments?post=96316"}],"version-history":[{"count":1,"href":"https:\/\/www.caririemacao.com\/1\/wp-json\/wp\/v2\/posts\/96316\/revisions"}],"predecessor-version":[{"id":96317,"href":"https:\/\/www.caririemacao.com\/1\/wp-json\/wp\/v2\/posts\/96316\/revisions\/96317"}],"wp:featuredmedia":[{"embeddable":true,"href":"https:\/\/www.caririemacao.com\/1\/wp-json\/wp\/v2\/media\/52105"}],"wp:attachment":[{"href":"https:\/\/www.caririemacao.com\/1\/wp-json\/wp\/v2\/media?parent=96316"}],"wp:term":[{"taxonomy":"category","embeddable":true,"href":"https:\/\/www.caririemacao.com\/1\/wp-json\/wp\/v2\/categories?post=96316"},{"taxonomy":"post_tag","embeddable":true,"href":"https:\/\/www.caririemacao.com\/1\/wp-json\/wp\/v2\/tags?post=96316"}],"curies":[{"name":"wp","href":"https:\/\/api.w.org\/{rel}","templated":true}]}}