{"id":96320,"date":"2019-05-24T15:36:22","date_gmt":"2019-05-24T18:36:22","guid":{"rendered":"http:\/\/www.caririemacao.com\/1\/?p=96320"},"modified":"2019-05-24T15:36:22","modified_gmt":"2019-05-24T18:36:22","slug":"ninguem-e-obrigado-a-ficar-no-cargo-diz-bolsonaro-sobre-guedes","status":"publish","type":"post","link":"https:\/\/www.caririemacao.com\/1\/2019\/05\/24\/ninguem-e-obrigado-a-ficar-no-cargo-diz-bolsonaro-sobre-guedes\/","title":{"rendered":"Ningu\u00e9m \u00e9 obrigado a ficar no cargo, diz Bolsonaro sobre Guedes"},"content":{"rendered":"\n<p>Em entrevista coletiva concedida nesta sexta-feira (24), ap\u00f3s participar da reuni\u00e3o do Conselho Deliberativo da Sudene, no Recife,&nbsp;<a href=\"https:\/\/noticias.r7.com\/brasil\/no-nordeste-bolsonaro-pede-apoio-a-reforma-da-previdencia-24052019\"><strong>o presidente Jair Bolsonaro&nbsp;<\/strong><\/a>comentou sobre a entrevista do ministro da Economia, Paulo Guedes, \u00e0 revista semanal Veja, na qual disse que deixar\u00e1 o governo caso a reforma da Previd\u00eancia n\u00e3o seja aprovada.<\/p>\n\n\n\n<p>&#8220;Paulo Guedes est\u00e1 no direito dele. Ningu\u00e9m \u00e9 obrigado a ficar como ministro meu&#8221;, disse o presidente da Rep\u00fablica.<\/p>\n\n\n\n<p><strong>Leia tamb\u00e9m:&nbsp;<a href=\"https:\/\/noticias.r7.com\/brasil\/bolsonaro-condena-ataques-a-congresso-e-stf-nos-atos-24052019\">Bolsonaro condena ataques a Congresso e STF nos atos<\/a><\/strong><\/p>\n\n\n\n<figure><iframe width=\"1\" height=\"1\"><\/iframe><\/figure>\n\n\n\n<figure><iframe><\/iframe><\/figure>\n\n\n\n<p>E, na linha defendida por seu ministro da Economia, voltou a dizer que sem a reforma previdenci\u00e1ria &#8220;ser\u00e1 o caos na economia&#8221;. &#8220;Tenho certeza que todos os governadores torcem pela aprova\u00e7\u00e3o da reforma&#8221;, destacou ainda.<\/p>\n\n\n\n<figure><iframe data-src=\"https:\/\/tpc.googlesyndication.com\/safeframe\/1-0-33\/html\/container.html\" width=\"300\" height=\"250\" src=\"data:image\/svg+xml;base64,PHN2ZyB3aWR0aD0iMSIgaGVpZ2h0PSIxIiB4bWxucz0iaHR0cDovL3d3dy53My5vcmcvMjAwMC9zdmciPjwvc3ZnPg==\" class=\"lazyload\" data-load-mode=\"1\"><\/iframe><\/figure>\n\n\n\n<p>Na entrevista, Paulo Guedes disse que, sem a reforma, o Pa\u00eds pode quebrar j\u00e1 em 2020. \u201cSe n\u00e3o fizermos a reforma, o Brasil pega fogo. Vai ser o caos no setor p\u00fablico, tanto no governo federal como nos Estados e munic\u00edpios\u201d, afirmou.<\/p>\n\n\n\n<p>\u201cPego um avi\u00e3o e vou morar l\u00e1 fora. J\u00e1 tenho idade para me aposentar\u201d, disse ele, segundo a reportagem. \u201cEu n\u00e3o sou irrespons\u00e1vel. Eu n\u00e3o sou inconsequente. Ah, n\u00e3o aprovou a reforma, vou embora no dia seguinte. N\u00e3o existe isso. Agora, posso perfeitamente dizer assim: \u2018Olha, j\u00e1 fiz o que tinha de ter sido feito. N\u00e3o estou com vontade de ficar, vou dar uns meses, justamente para n\u00e3o criar problemas, mas n\u00e3o d\u00e1 para permanecer no cargo\u2019. Se s\u00f3 eu quero a reforma, vou embora para casa\u201d, afirmou Guedes na entrevista.<\/p>\n","protected":false},"excerpt":{"rendered":"<p>Em entrevista coletiva concedida nesta sexta-feira (24), ap\u00f3s participar da reuni\u00e3o do Conselho Deliberativo da Sudene, no Recife,&nbsp;o presidente Jair Bolsonaro&nbsp;comentou sobre a entrevista do&hellip; <\/p>\n","protected":false},"author":1,"featured_media":96321,"comment_status":"closed","ping_status":"closed","sticky":false,"template":"","format":"standard","meta":{"sfsi_plus_gutenberg_text_before_share":"","sfsi_plus_gutenberg_show_text_before_share":"","sfsi_plus_gutenberg_icon_type":"","sfsi_plus_gutenberg_icon_alignemt":"","sfsi_plus_gutenburg_max_per_row":"","footnotes":""},"categories":[11],"tags":[],"class_list":["post-96320","post","type-post","status-publish","format-standard","has-post-thumbnail","hentry","category-politica"],"_links":{"self":[{"href":"https:\/\/www.caririemacao.com\/1\/wp-json\/wp\/v2\/posts\/96320","targetHints":{"allow":["GET"]}}],"collection":[{"href":"https:\/\/www.caririemacao.com\/1\/wp-json\/wp\/v2\/posts"}],"about":[{"href":"https:\/\/www.caririemacao.com\/1\/wp-json\/wp\/v2\/types\/post"}],"author":[{"embeddable":true,"href":"https:\/\/www.caririemacao.com\/1\/wp-json\/wp\/v2\/users\/1"}],"replies":[{"embeddable":true,"href":"https:\/\/www.caririemacao.com\/1\/wp-json\/wp\/v2\/comments?post=96320"}],"version-history":[{"count":1,"href":"https:\/\/www.caririemacao.com\/1\/wp-json\/wp\/v2\/posts\/96320\/revisions"}],"predecessor-version":[{"id":96322,"href":"https:\/\/www.caririemacao.com\/1\/wp-json\/wp\/v2\/posts\/96320\/revisions\/96322"}],"wp:featuredmedia":[{"embeddable":true,"href":"https:\/\/www.caririemacao.com\/1\/wp-json\/wp\/v2\/media\/96321"}],"wp:attachment":[{"href":"https:\/\/www.caririemacao.com\/1\/wp-json\/wp\/v2\/media?parent=96320"}],"wp:term":[{"taxonomy":"category","embeddable":true,"href":"https:\/\/www.caririemacao.com\/1\/wp-json\/wp\/v2\/categories?post=96320"},{"taxonomy":"post_tag","embeddable":true,"href":"https:\/\/www.caririemacao.com\/1\/wp-json\/wp\/v2\/tags?post=96320"}],"curies":[{"name":"wp","href":"https:\/\/api.w.org\/{rel}","templated":true}]}}