{"id":96324,"date":"2019-05-24T17:33:39","date_gmt":"2019-05-24T20:33:39","guid":{"rendered":"http:\/\/www.caririemacao.com\/1\/?p=96324"},"modified":"2019-05-24T17:33:39","modified_gmt":"2019-05-24T20:33:39","slug":"comecam-as-vendas-para-area-vip-premium-do-sao-joao-de-monteiro","status":"publish","type":"post","link":"https:\/\/www.caririemacao.com\/1\/2019\/05\/24\/comecam-as-vendas-para-area-vip-premium-do-sao-joao-de-monteiro\/","title":{"rendered":"Come\u00e7am as vendas para \u00c1rea Vip Premium do S\u00e3o Jo\u00e3o de Monteiro"},"content":{"rendered":"\n<p>O S\u00e3o Jo\u00e3o do munic\u00edpio de Monteiro contar\u00e1 este ano com a \u00c1rea Vip Premium, um espa\u00e7o reservado e localizado em frente ao palco do evento, que vai de 21 a 25 de junho. Os valores s\u00e3o variados e podem ser adquiridos diariamente ou em um pacote fechado para os 5 dias, com um valor promocional.<\/p>\n\n\n\n<p>As vendas est\u00e3o sendo atrav\u00e9s do site&nbsp;<strong><a href=\"http:\/\/www.eventim.com.br\/\" target=\"_blank\" rel=\"noreferrer noopener\">www.eventim.com.br<\/a><\/strong>.<\/p>\n\n\n\n<p><strong>Confira os valores:<\/strong><\/p>\n\n\n\n<p><strong>Pacote promocional para os 5 dias:&nbsp;<\/strong>R$ 200,00<\/p>\n\n\n\n<p><strong>Dia 21 (sexta-feira)<\/strong><\/p>\n\n\n\n<p>Inteira \u2013 R$ 100,00<br>Meia \u2013 R$ 50,00<\/p>\n\n\n\n<p><strong>Dia 22 (s\u00e1bado)<\/strong><\/p>\n\n\n\n<p>Inteira \u2013 R$ 100,00<br>Meia \u2013 R$ 50,00<\/p>\n\n\n\n<p><strong>Dia 23 (domingo)<\/strong><\/p>\n\n\n\n<p>Inteira \u2013 R$ 80,00<br>Meia \u2013 R$ 40,00<\/p>\n\n\n\n<p><strong>Dia 24 (segunda-feira)<\/strong><\/p>\n\n\n\n<p>Inteira \u2013 R$ 100,00<br>Meia \u2013 R$ 50,00<\/p>\n\n\n\n<p><strong>Dia 25 (ter\u00e7a-feira)<\/strong><\/p>\n\n\n\n<p>Inteira \u2013 R$ 120,00<br>Meia \u2013 R$ 60,00<\/p>\n\n\n\n<p><strong>PROGRAMA\u00c7\u00c3O:&nbsp;<\/strong><\/p>\n\n\n\n<p><strong>21 de junho (sexta-feira)<\/strong><\/p>\n\n\n\n<ul class=\"wp-block-list\"><li>Solange Almeida<\/li><li>S\u00e2mya Maia<\/li><li>Davi Louren\u00e7o<\/li><li>Marcelo &amp; Santiago<\/li><\/ul>\n\n\n\n<p><strong>22 de junho (s\u00e1bado)<\/strong><\/p>\n\n\n\n<ul class=\"wp-block-list\"><li>Jonas Esticado<\/li><li>Dejinha de Monteiro<\/li><li>Fabiana Souto<\/li><li>Forr\u00f3 +Eu<\/li><\/ul>\n\n\n\n<p><strong>23 de junho (domingo)<\/strong><\/p>\n\n\n\n<ul class=\"wp-block-list\"><li>Jorge de Altinho<\/li><li>Banda Encantu\u2019s<\/li><li>Matheus Fernandes<\/li><li>Adriano Silva<\/li><\/ul>\n\n\n\n<p><strong>24 de junho (segunda-feira)<\/strong><\/p>\n\n\n\n<ul class=\"wp-block-list\"><li>M\u00e1rcia Fellipe<\/li><li>Edson Lima<\/li><li>Niedson Lua<\/li><li>Neno Magn\u00edfico<\/li><\/ul>\n\n\n\n<p><strong>25 de junho (ter\u00e7a-feira)<\/strong><\/p>\n\n\n\n<ul class=\"wp-block-list\"><li>Wesley Safad\u00e3o<\/li><li>Walkyria Santos<\/li><li>Fabiano Guimar\u00e3es<\/li><li>Xod\u00f3 do Cariri<\/li><\/ul>\n","protected":false},"excerpt":{"rendered":"<p>O S\u00e3o Jo\u00e3o do munic\u00edpio de Monteiro contar\u00e1 este ano com a \u00c1rea Vip Premium, um espa\u00e7o reservado e localizado em frente ao palco do&hellip; <\/p>\n","protected":false},"author":1,"featured_media":96325,"comment_status":"closed","ping_status":"closed","sticky":false,"template":"","format":"standard","meta":{"sfsi_plus_gutenberg_text_before_share":"","sfsi_plus_gutenberg_show_text_before_share":"","sfsi_plus_gutenberg_icon_type":"","sfsi_plus_gutenberg_icon_alignemt":"","sfsi_plus_gutenburg_max_per_row":"","footnotes":""},"categories":[6,50],"tags":[],"class_list":["post-96324","post","type-post","status-publish","format-standard","has-post-thumbnail","hentry","category-cidades","category-destaque"],"_links":{"self":[{"href":"https:\/\/www.caririemacao.com\/1\/wp-json\/wp\/v2\/posts\/96324","targetHints":{"allow":["GET"]}}],"collection":[{"href":"https:\/\/www.caririemacao.com\/1\/wp-json\/wp\/v2\/posts"}],"about":[{"href":"https:\/\/www.caririemacao.com\/1\/wp-json\/wp\/v2\/types\/post"}],"author":[{"embeddable":true,"href":"https:\/\/www.caririemacao.com\/1\/wp-json\/wp\/v2\/users\/1"}],"replies":[{"embeddable":true,"href":"https:\/\/www.caririemacao.com\/1\/wp-json\/wp\/v2\/comments?post=96324"}],"version-history":[{"count":1,"href":"https:\/\/www.caririemacao.com\/1\/wp-json\/wp\/v2\/posts\/96324\/revisions"}],"predecessor-version":[{"id":96326,"href":"https:\/\/www.caririemacao.com\/1\/wp-json\/wp\/v2\/posts\/96324\/revisions\/96326"}],"wp:featuredmedia":[{"embeddable":true,"href":"https:\/\/www.caririemacao.com\/1\/wp-json\/wp\/v2\/media\/96325"}],"wp:attachment":[{"href":"https:\/\/www.caririemacao.com\/1\/wp-json\/wp\/v2\/media?parent=96324"}],"wp:term":[{"taxonomy":"category","embeddable":true,"href":"https:\/\/www.caririemacao.com\/1\/wp-json\/wp\/v2\/categories?post=96324"},{"taxonomy":"post_tag","embeddable":true,"href":"https:\/\/www.caririemacao.com\/1\/wp-json\/wp\/v2\/tags?post=96324"}],"curies":[{"name":"wp","href":"https:\/\/api.w.org\/{rel}","templated":true}]}}