{"id":96330,"date":"2019-05-24T17:36:19","date_gmt":"2019-05-24T20:36:19","guid":{"rendered":"http:\/\/www.caririemacao.com\/1\/?p=96330"},"modified":"2019-05-24T17:36:19","modified_gmt":"2019-05-24T20:36:19","slug":"prefeitos-caririzeiros-participam-de-encontro-em-defesa-de-eleicoes-unificadas-no-brasil","status":"publish","type":"post","link":"https:\/\/www.caririemacao.com\/1\/2019\/05\/24\/prefeitos-caririzeiros-participam-de-encontro-em-defesa-de-eleicoes-unificadas-no-brasil\/","title":{"rendered":"Prefeitos caririzeiros participam de encontro em defesa de elei\u00e7\u00f5es unificadas no Brasil"},"content":{"rendered":"\n<p>Prefeitos de diversas cidades caririzeiras participaram na manh\u00e3 desta sexta-feira (24), de um encontro em defesa de elei\u00e7\u00f5es unificadas no Brasil, no audit\u00f3rio da Fiep em Campina Grande.<\/p>\n\n\n\n<p>Estiveram presentes Anna Lorena (Monteiro), Adriano Wolff (S\u00e3o Sebasti\u00e3o do Umbuzeiro), \u00c9den Duarte (Sum\u00e9), C\u00e9lio Barbosa (S\u00e3o Jo\u00e3o do Tigre), Andr\u00e9 Gomes (Boa Vista), Sandro Moco (Camala\u00fa), J\u00fanior Nobr\u00e9ga (Prata), Souzinha (Serra Branca), Jefferson Roberto (S\u00e3o Jos\u00e9 dos Cordeiros), al\u00e9m de prefeitos de diversas cidades do Estado, vice-prefeitos e vereadores.<\/p>\n\n\n\n<p>Durante o encontro promovido pela Federa\u00e7\u00e3o das Associa\u00e7\u00f5es dos Munic\u00edpios da Para\u00edba \u2013 FAMUP, o presidente George Coelho, uma elei\u00e7\u00e3o a cada dois anos atrapalha. \u201cN\u00f3s deixamos de trabalhar, deixamos de ter conv\u00eanio, deixamos de fazer licita\u00e7\u00e3o e receber uma emenda parlamentar. \u00c9 interessante que trabalhemos nesse sentido e dizer a popula\u00e7\u00e3o que o melhor \u00e9 elei\u00e7\u00e3o a cada quatro anos\u201d, destacou George.<\/p>\n\n\n\n<p>A PEC \u00e9 de iniciativa do deputado Rog\u00e9rio Peninha Mendon\u00e7a (MDB\/SC). A proposta cancela o pleito de 2020 e com isso os brasileiros iriam \u00e0s urnas dois anos depois para votar para presidente, governador, senador, deputado federal, deputado estadual, prefeito e vereador.<\/p>\n\n\n\n<p>O autor da PEC 56 afirma que a unifica\u00e7\u00e3o das elei\u00e7\u00f5es j\u00e1 em 2022 vai gerar economia de R$ 1 bilh\u00e3o. Contudo, dados do Tribunal Superior Eleitoral (TSE) apontam que em 2012 as elei\u00e7\u00f5es municipais custaram aos cofres p\u00fablicos R$ 483 milh\u00f5es; e em 2016, R$ 650 milh\u00f5es. Ou seja, 134,6% a mais. Portanto, na mesma propor\u00e7\u00e3o para 2020, o valor total das elei\u00e7\u00f5es municipais seria de R$ 874,9 milh\u00f5es, abaixo da proje\u00e7\u00e3o de economia.<\/p>\n","protected":false},"excerpt":{"rendered":"<p>Prefeitos de diversas cidades caririzeiras participaram na manh\u00e3 desta sexta-feira (24), de um encontro em defesa de elei\u00e7\u00f5es unificadas no Brasil, no audit\u00f3rio da Fiep&hellip; <\/p>\n","protected":false},"author":1,"featured_media":96331,"comment_status":"closed","ping_status":"closed","sticky":false,"template":"","format":"standard","meta":{"sfsi_plus_gutenberg_text_before_share":"","sfsi_plus_gutenberg_show_text_before_share":"","sfsi_plus_gutenberg_icon_type":"","sfsi_plus_gutenberg_icon_alignemt":"","sfsi_plus_gutenburg_max_per_row":"","footnotes":""},"categories":[6,50],"tags":[],"class_list":["post-96330","post","type-post","status-publish","format-standard","has-post-thumbnail","hentry","category-cidades","category-destaque"],"_links":{"self":[{"href":"https:\/\/www.caririemacao.com\/1\/wp-json\/wp\/v2\/posts\/96330","targetHints":{"allow":["GET"]}}],"collection":[{"href":"https:\/\/www.caririemacao.com\/1\/wp-json\/wp\/v2\/posts"}],"about":[{"href":"https:\/\/www.caririemacao.com\/1\/wp-json\/wp\/v2\/types\/post"}],"author":[{"embeddable":true,"href":"https:\/\/www.caririemacao.com\/1\/wp-json\/wp\/v2\/users\/1"}],"replies":[{"embeddable":true,"href":"https:\/\/www.caririemacao.com\/1\/wp-json\/wp\/v2\/comments?post=96330"}],"version-history":[{"count":1,"href":"https:\/\/www.caririemacao.com\/1\/wp-json\/wp\/v2\/posts\/96330\/revisions"}],"predecessor-version":[{"id":96332,"href":"https:\/\/www.caririemacao.com\/1\/wp-json\/wp\/v2\/posts\/96330\/revisions\/96332"}],"wp:featuredmedia":[{"embeddable":true,"href":"https:\/\/www.caririemacao.com\/1\/wp-json\/wp\/v2\/media\/96331"}],"wp:attachment":[{"href":"https:\/\/www.caririemacao.com\/1\/wp-json\/wp\/v2\/media?parent=96330"}],"wp:term":[{"taxonomy":"category","embeddable":true,"href":"https:\/\/www.caririemacao.com\/1\/wp-json\/wp\/v2\/categories?post=96330"},{"taxonomy":"post_tag","embeddable":true,"href":"https:\/\/www.caririemacao.com\/1\/wp-json\/wp\/v2\/tags?post=96330"}],"curies":[{"name":"wp","href":"https:\/\/api.w.org\/{rel}","templated":true}]}}