{"id":96339,"date":"2019-05-24T17:40:10","date_gmt":"2019-05-24T20:40:10","guid":{"rendered":"http:\/\/www.caririemacao.com\/1\/?p=96339"},"modified":"2019-05-24T17:40:10","modified_gmt":"2019-05-24T20:40:10","slug":"urgente-carro-e-furtado-em-plena-luz-do-dia-no-centro-de-serra-branca","status":"publish","type":"post","link":"https:\/\/www.caririemacao.com\/1\/2019\/05\/24\/urgente-carro-e-furtado-em-plena-luz-do-dia-no-centro-de-serra-branca\/","title":{"rendered":"URGENTE: Carro \u00e9 furtado em plena luz do dia no centro de Serra Branca"},"content":{"rendered":"\n<p>Um carro do tipo Siena com placa de Campina Grande (MNZ-3516) foi furtado em frente \u00e0s Lojas JJ, no centro de Serra Branca. O furto ocorreu no in\u00edcio da tarde desta sexta-feira (24), quando o propriet\u00e1rio num vacilo deixou a chave na igni\u00e7\u00e3o do carro e entrou para fazer uma compra r\u00e1pida na loja.<\/p>\n\n\n\n<p>Segundo relato de testemunhas, o assalto foi muito r\u00e1pido e havia outros elementos em um Fiat Uno dando cobertura. O fiat parou atr\u00e1s do ve\u00edculo pertencente a S\u00e9rgio da Lira e no r\u00e1pido momento em que ele entrou na loja, um dos meliantes entrou no ve\u00edculo e o levou por assalto.<\/p>\n\n\n\n<p>A pol\u00edcia j\u00e1 est\u00e1 em dilig\u00eancia para localizar os suspeitos e recuperar o carro.<\/p>\n\n\n\n<p><strong>De Olho no Cariri<\/strong><\/p>\n","protected":false},"excerpt":{"rendered":"<p>Um carro do tipo Siena com placa de Campina Grande (MNZ-3516) foi furtado em frente \u00e0s Lojas JJ, no centro de Serra Branca. O furto&hellip; <\/p>\n","protected":false},"author":1,"featured_media":96340,"comment_status":"closed","ping_status":"closed","sticky":false,"template":"","format":"standard","meta":{"sfsi_plus_gutenberg_text_before_share":"","sfsi_plus_gutenberg_show_text_before_share":"","sfsi_plus_gutenberg_icon_type":"","sfsi_plus_gutenberg_icon_alignemt":"","sfsi_plus_gutenburg_max_per_row":"","footnotes":""},"categories":[2],"tags":[],"class_list":["post-96339","post","type-post","status-publish","format-standard","has-post-thumbnail","hentry","category-geral"],"_links":{"self":[{"href":"https:\/\/www.caririemacao.com\/1\/wp-json\/wp\/v2\/posts\/96339","targetHints":{"allow":["GET"]}}],"collection":[{"href":"https:\/\/www.caririemacao.com\/1\/wp-json\/wp\/v2\/posts"}],"about":[{"href":"https:\/\/www.caririemacao.com\/1\/wp-json\/wp\/v2\/types\/post"}],"author":[{"embeddable":true,"href":"https:\/\/www.caririemacao.com\/1\/wp-json\/wp\/v2\/users\/1"}],"replies":[{"embeddable":true,"href":"https:\/\/www.caririemacao.com\/1\/wp-json\/wp\/v2\/comments?post=96339"}],"version-history":[{"count":1,"href":"https:\/\/www.caririemacao.com\/1\/wp-json\/wp\/v2\/posts\/96339\/revisions"}],"predecessor-version":[{"id":96341,"href":"https:\/\/www.caririemacao.com\/1\/wp-json\/wp\/v2\/posts\/96339\/revisions\/96341"}],"wp:featuredmedia":[{"embeddable":true,"href":"https:\/\/www.caririemacao.com\/1\/wp-json\/wp\/v2\/media\/96340"}],"wp:attachment":[{"href":"https:\/\/www.caririemacao.com\/1\/wp-json\/wp\/v2\/media?parent=96339"}],"wp:term":[{"taxonomy":"category","embeddable":true,"href":"https:\/\/www.caririemacao.com\/1\/wp-json\/wp\/v2\/categories?post=96339"},{"taxonomy":"post_tag","embeddable":true,"href":"https:\/\/www.caririemacao.com\/1\/wp-json\/wp\/v2\/tags?post=96339"}],"curies":[{"name":"wp","href":"https:\/\/api.w.org\/{rel}","templated":true}]}}